{"id":1475,"date":"2025-07-16T07:04:22","date_gmt":"2025-07-16T07:04:22","guid":{"rendered":"https:\/\/portaldeyoung.uy\/?p=1475"},"modified":"2025-07-16T20:33:05","modified_gmt":"2025-07-16T20:33:05","slug":"valeria-silva-asume-como-nueva-concejal-en-el-municipio-de-young","status":"publish","type":"post","link":"https:\/\/portaldeyoung.uy\/index.php\/2025\/07\/16\/valeria-silva-asume-como-nueva-concejal-en-el-municipio-de-young\/","title":{"rendered":"Valeria Silva Asume Como Nueva Concejal en el Municipio de Young"},"content":{"rendered":"\n<p>En una entrevista  con nuestro diario digital, Valeria Silva, integrante del sector Vertiente Artiguista, expres\u00f3 su gratitud hacia su fuerza pol\u00edtica al asumir como nueva concejal en el Concejo Municipal de Young. Silva, visiblemente entusiasmada, comparti\u00f3 su alegr\u00eda y el compromiso de trabajar por su comunidad.<\/p>\n\n\n\n<p>\u00abAgradezco profundamente a mi sector por el apoyo brindado. Estoy muy contenta y con muchas ganas de comenzar este nuevo desaf\u00edo\u00bb, afirm\u00f3 Silva. La concejal particip\u00f3 ayer martes  por primera vez, destacando que este ser\u00e1 un periodo de aprendizaje y colaboraci\u00f3n intensa para mejorar las condiciones de vida en Young.<\/p>\n\n\n\n<p><strong>VIDEO:<\/strong><\/p>\n\n\n\n<figure class=\"wp-block-embed is-type-video is-provider-youtube wp-block-embed-youtube wp-embed-aspect-16-9 wp-has-aspect-ratio\"><div class=\"wp-block-embed__wrapper\">\n<iframe loading=\"lazy\" title=\"Valeria Silva Concejal del Municipio de Young\" width=\"640\" height=\"360\" src=\"https:\/\/www.youtube.com\/embed\/CUB4CxTuNp0?feature=oembed\" frameborder=\"0\" allow=\"accelerometer; autoplay; clipboard-write; encrypted-media; gyroscope; picture-in-picture; web-share\" referrerpolicy=\"strict-origin-when-cross-origin\" allowfullscreen><\/iframe>\n<\/div><\/figure>\n","protected":false},"excerpt":{"rendered":"<p>En una entrevista con nuestro diario digital, Valeria Silva, integrante del sector Vertiente Artiguista, expres\u00f3 su gratitud hacia su fuerza pol\u00edtica al asumir como nueva<\/p>\n","protected":false},"author":1,"featured_media":1476,"comment_status":"open","ping_status":"open","sticky":false,"template":"","format":"standard","meta":{"advgb_blocks_editor_width":"","advgb_blocks_columns_visual_guide":"","footnotes":"","jetpack_publicize_message":"","jetpack_publicize_feature_enabled":true,"jetpack_social_post_already_shared":true,"jetpack_social_options":{"image_generator_settings":{"template":"highway","default_image_id":0,"font":"","enabled":false},"version":2}},"categories":[4],"tags":[],"class_list":["post-1475","post","type-post","status-publish","format-standard","has-post-thumbnail","hentry","category-de-aca"],"author_meta":{"display_name":"Portal","author_link":"https:\/\/portaldeyoung.uy\/index.php\/author\/admin_port\/"},"featured_img":"https:\/\/portaldeyoung.uy\/wp-content\/uploads\/2025\/07\/Valeria-silva-foto-300x169.jpg","jetpack_publicize_connections":[],"coauthors":[],"tax_additional":{"categories":{"linked":["<a href=\"https:\/\/portaldeyoung.uy\/index.php\/category\/de-aca\/\" class=\"advgb-post-tax-term\">De ac\u00e1<\/a>"],"unlinked":["<span class=\"advgb-post-tax-term\">De ac\u00e1<\/span>"]}},"comment_count":"0","relative_dates":{"created":"Publicado 10 meses hace","modified":"Actualizado 10 meses hace"},"absolute_dates":{"created":"Publicado el julio 16, 2025","modified":"Actualizado el julio 16, 2025"},"absolute_dates_time":{"created":"Publicado el julio 16, 2025 7:04 am","modified":"Actualizado el julio 16, 2025 8:33 pm"},"featured_img_caption":"","series_order":"","_links":{"self":[{"href":"https:\/\/portaldeyoung.uy\/index.php\/wp-json\/wp\/v2\/posts\/1475","targetHints":{"allow":["GET"]}}],"collection":[{"href":"https:\/\/portaldeyoung.uy\/index.php\/wp-json\/wp\/v2\/posts"}],"about":[{"href":"https:\/\/portaldeyoung.uy\/index.php\/wp-json\/wp\/v2\/types\/post"}],"author":[{"embeddable":true,"href":"https:\/\/portaldeyoung.uy\/index.php\/wp-json\/wp\/v2\/users\/1"}],"replies":[{"embeddable":true,"href":"https:\/\/portaldeyoung.uy\/index.php\/wp-json\/wp\/v2\/comments?post=1475"}],"version-history":[{"count":1,"href":"https:\/\/portaldeyoung.uy\/index.php\/wp-json\/wp\/v2\/posts\/1475\/revisions"}],"predecessor-version":[{"id":1477,"href":"https:\/\/portaldeyoung.uy\/index.php\/wp-json\/wp\/v2\/posts\/1475\/revisions\/1477"}],"wp:featuredmedia":[{"embeddable":true,"href":"https:\/\/portaldeyoung.uy\/index.php\/wp-json\/wp\/v2\/media\/1476"}],"wp:attachment":[{"href":"https:\/\/portaldeyoung.uy\/index.php\/wp-json\/wp\/v2\/media?parent=1475"}],"wp:term":[{"taxonomy":"category","embeddable":true,"href":"https:\/\/portaldeyoung.uy\/index.php\/wp-json\/wp\/v2\/categories?post=1475"},{"taxonomy":"post_tag","embeddable":true,"href":"https:\/\/portaldeyoung.uy\/index.php\/wp-json\/wp\/v2\/tags?post=1475"}],"curies":[{"name":"wp","href":"https:\/\/api.w.org\/{rel}","templated":true}]}}