{"id":1467,"date":"2025-07-16T05:50:20","date_gmt":"2025-07-16T05:50:20","guid":{"rendered":"https:\/\/portaldeyoung.uy\/?p=1467"},"modified":"2025-07-16T05:50:24","modified_gmt":"2025-07-16T05:50:24","slug":"encuentran-granada-de-fusil-de-1950-en-una-volqueta-en-fray-bentos","status":"publish","type":"post","link":"https:\/\/portaldeyoung.uy\/index.php\/2025\/07\/16\/encuentran-granada-de-fusil-de-1950-en-una-volqueta-en-fray-bentos\/","title":{"rendered":"Encuentran granada de fusil de 1950 en una volqueta en Fray Bentos"},"content":{"rendered":"\n<p>Es una carcasa de una granada de fusil que encontr\u00f3 un hurgador y que vendi\u00f3 a Gustavo Garcia. Este vecino, de manera muy responsable, llam\u00f3 a los expertos del Batall\u00f3n que actuaron r\u00e1pidamente, confirmando que no hab\u00eda riesgos.<\/p>\n\n\n\n<p>\u201cEN REALIDAD SE VE\u00cdA COMO UNA BOMBA REAL, POR LO CUAL MI PREOCUPACI\u00d3N FUE SACARLO DE CIRCULACI\u00d3N\u201d.<\/p>\n\n\n\n<p>El vecino Gustavo Garc\u00eda, que adquiri\u00f3 el artefacto militar que transportaba un hurgador, manifest\u00f3 que \u201cla intenci\u00f3n fue sacar de inmediato este artefacto militar de circulaci\u00f3n, ya que parec\u00eda una bomba real\u201d.<\/p>\n\n\n\n<p>Agreg\u00f3 que \u00abno se sab\u00eda si estaba activa, inactiva o constitu\u00eda alg\u00fan riesgo para la comunidad, para m\u00ed lo importante era sacarla de la calle y que llagara a manos de la autoridad competente\u00bb.<\/p>\n\n\n\n<p>El vecino cont\u00f3 que el hurgador le dijo, \u00abmir\u00e1 lo que tengo ac\u00e1 en el fondo del bolso, y entonces ah\u00ed me alert\u00e9 y le di 50 pesos y lo agarr\u00e9 con mucho cuidado y lo dej\u00e9 en un hueco, abajo de tierra, medio metro, fuera del alcance de los animales\u00bb.<\/p>\n\n\n\n<p>De inmediato se comunic\u00f3 con el batall\u00f3n, qui\u00e9n envi\u00f3 a la brigada de explosivos para retirar el artefacto militar, desconociendo que se trataba de un antiguo artefacto de origen estadounidense de 1950.<\/p>\n\n\n\n<p>Seg\u00fan trascendi\u00f3 en Salto, ocurri\u00f3 un caso similar, donde encontraron un elemento parecido y termin\u00f3 en una tragedia.<\/p>\n\n\n\n<p>Ahora se quiere saber, c\u00f3mo fue que apareci\u00f3 este aparato explosivo en la volqueta ubicada en La Feria.<\/p>\n\n\n\n<p>Los testimonio en radio Impacto del Comandante Tte Cnel, Jean Despeaux y del vecino Gustavo Garc\u00eda.<\/p>\n\n\n\n<p><em>*Con informaci\u00f3n de Impacto Noticias<\/em><\/p>\n","protected":false},"excerpt":{"rendered":"<p>Es una carcasa de una granada de fusil que encontr\u00f3 un hurgador y que vendi\u00f3 a Gustavo Garcia. Este vecino, de manera muy responsable, llam\u00f3<\/p>\n","protected":false},"author":1,"featured_media":1468,"comment_status":"open","ping_status":"open","sticky":false,"template":"","format":"standard","meta":{"advgb_blocks_editor_width":"","advgb_blocks_columns_visual_guide":"","footnotes":"","jetpack_publicize_message":"","jetpack_publicize_feature_enabled":true,"jetpack_social_post_already_shared":true,"jetpack_social_options":{"image_generator_settings":{"template":"highway","default_image_id":0,"font":"","enabled":false},"version":2}},"categories":[6],"tags":[],"class_list":["post-1467","post","type-post","status-publish","format-standard","has-post-thumbnail","hentry","category-del-departamento"],"author_meta":{"display_name":"Portal","author_link":"https:\/\/portaldeyoung.uy\/index.php\/author\/admin_port\/"},"featured_img":"https:\/\/portaldeyoung.uy\/wp-content\/uploads\/2025\/07\/bomba-carcaza-y-vecino-fray-bentos-300x175.jpg","jetpack_publicize_connections":[],"coauthors":[],"tax_additional":{"categories":{"linked":["<a href=\"https:\/\/portaldeyoung.uy\/index.php\/category\/del-departamento\/\" class=\"advgb-post-tax-term\">Del departamento<\/a>"],"unlinked":["<span class=\"advgb-post-tax-term\">Del departamento<\/span>"]}},"comment_count":"0","relative_dates":{"created":"Publicado 10 meses hace","modified":"Actualizado 10 meses hace"},"absolute_dates":{"created":"Publicado el julio 16, 2025","modified":"Actualizado el julio 16, 2025"},"absolute_dates_time":{"created":"Publicado el julio 16, 2025 5:50 am","modified":"Actualizado el julio 16, 2025 5:50 am"},"featured_img_caption":"","series_order":"","_links":{"self":[{"href":"https:\/\/portaldeyoung.uy\/index.php\/wp-json\/wp\/v2\/posts\/1467","targetHints":{"allow":["GET"]}}],"collection":[{"href":"https:\/\/portaldeyoung.uy\/index.php\/wp-json\/wp\/v2\/posts"}],"about":[{"href":"https:\/\/portaldeyoung.uy\/index.php\/wp-json\/wp\/v2\/types\/post"}],"author":[{"embeddable":true,"href":"https:\/\/portaldeyoung.uy\/index.php\/wp-json\/wp\/v2\/users\/1"}],"replies":[{"embeddable":true,"href":"https:\/\/portaldeyoung.uy\/index.php\/wp-json\/wp\/v2\/comments?post=1467"}],"version-history":[{"count":1,"href":"https:\/\/portaldeyoung.uy\/index.php\/wp-json\/wp\/v2\/posts\/1467\/revisions"}],"predecessor-version":[{"id":1469,"href":"https:\/\/portaldeyoung.uy\/index.php\/wp-json\/wp\/v2\/posts\/1467\/revisions\/1469"}],"wp:featuredmedia":[{"embeddable":true,"href":"https:\/\/portaldeyoung.uy\/index.php\/wp-json\/wp\/v2\/media\/1468"}],"wp:attachment":[{"href":"https:\/\/portaldeyoung.uy\/index.php\/wp-json\/wp\/v2\/media?parent=1467"}],"wp:term":[{"taxonomy":"category","embeddable":true,"href":"https:\/\/portaldeyoung.uy\/index.php\/wp-json\/wp\/v2\/categories?post=1467"},{"taxonomy":"post_tag","embeddable":true,"href":"https:\/\/portaldeyoung.uy\/index.php\/wp-json\/wp\/v2\/tags?post=1467"}],"curies":[{"name":"wp","href":"https:\/\/api.w.org\/{rel}","templated":true}]}}