{"id":1454,"date":"2025-07-16T05:24:43","date_gmt":"2025-07-16T05:24:43","guid":{"rendered":"https:\/\/portaldeyoung.uy\/?p=1454"},"modified":"2025-07-16T05:24:49","modified_gmt":"2025-07-16T05:24:49","slug":"continua-la-alerta-roja-por-las-personas-en-situacion-de-calle-ejecutivo-analiza-que-algunos-mecanismos-sigan-mas-alla-del-decreto","status":"publish","type":"post","link":"https:\/\/portaldeyoung.uy\/index.php\/2025\/07\/16\/continua-la-alerta-roja-por-las-personas-en-situacion-de-calle-ejecutivo-analiza-que-algunos-mecanismos-sigan-mas-alla-del-decreto\/","title":{"rendered":"Contin\u00faa la alerta roja por las personas en situaci\u00f3n de calle: Ejecutivo analiza que algunos mecanismos sigan m\u00e1s all\u00e1 del decreto"},"content":{"rendered":"\n<h4 class=\"wp-block-heading\">2.632 personas recibieron asistencia en algunos de los centros: 2.182 en los refugios del Ministerio de Desarrollo Social y 450 en los lugares de evacuaci\u00f3n.<\/h4>\n\n\n\n<p>Luego de una nueva reuni\u00f3n de evaluaci\u00f3n, este martes el gobierno resolvi\u00f3 mantener la alerta roja y el operativo del Sistema Nacional de Emergencias (Sinae) decretado el 23 de junio para permitir el desalojo de las personas en situaci\u00f3n de calle. Ante la permanencia de los anuncios de fr\u00edo, el Poder Ejecutivo tom\u00f3 esta decisi\u00f3n mientras analiza mantener los \u201cdispositivos\u201d generados en estos d\u00edas, dijo el secretario de Presidencia, Alejandro S\u00e1nchez.<\/p>\n\n\n\n<p>Presidencia tiene la intenci\u00f3n de que algunas de estas formas de sinergia en los organismos debe mantenerse, m\u00e1s all\u00e1 de la definici\u00f3n puntual sobre el decreto de emergencia. S\u00e1nchez dijo este martes en rueda de prensa que \u201cprobablemente\u201d el Ejecutivo \u201ctenga que emitir un decreto\u201d en el que se cree un \u201cespacio multisectorial\u201d para \u201ctrabajar en la misma \u00f3rbita que estamos trabajando hoy\u201d.<\/p>\n\n\n\n<p>\u201cSeguiremos trabajando [dentro] del marco legal que tenemos hoy para que las personas no pernocten en la v\u00eda p\u00fablica y sean trasladadas a centros de atenci\u00f3n y luego derivadas a centros de refugio m\u00e1s permanentes\u201d, coment\u00f3. En esa direcci\u00f3n, el jerarca puntualiz\u00f3 que lo que el gobierno tiene planificado es que la \u201cdin\u00e1mica sea la misma, sea con alerta o sin alerta\u201d, y que se est\u00e1n evaluando los centros de evacuaci\u00f3n para determinar cu\u00e1les de ellos pueden continuar como centros de acogida, a medida que se va derivando a las personas en estos centros hacia los refugios del Ministerio de Desarrollo Social (Mides) \u201cm\u00e1s permanentes\u201d.<\/p>\n\n\n\n<p>\u201cEl gobierno tiene la firme convicci\u00f3n de que hay que trabajar fuertemente para resolver los problemas de las personas que tienen extrema precariedad, y lo vamos a hacer en este invierno y en el siguiente\u201d, asegur\u00f3 el jerarca, y reiter\u00f3 que \u201ctodo el dispositivo continuar\u00e1 funcionando\u201d haya decreto o no.<\/p>\n\n\n\n<p>En la reuni\u00f3n de evaluaci\u00f3n estuvieron presentes representantes de los ministerios de Defensa, Desarrollo Social, Interior y Salud P\u00fablica, adem\u00e1s de las autoridades de la Administraci\u00f3n de los Servicios de Salud del Estado (ASSE), el Sistema de Atenci\u00f3n M\u00e9dica de Emergencia (SAME), el Instituto de Nacional de Alimentaci\u00f3n (INDA) y la Presidencia.<\/p>\n\n\n\n<p>Seg\u00fan el reporte oficial, este lunes hubo 2.632 personas que recibieron asistencia en algunos de los dispositivos: 2.182 en los refugios del Mides y 450 en los centros de evacuaci\u00f3n dispuestos por esta situaci\u00f3n (125 en el Polideportivo de la Escuela Nacional de Polic\u00eda, 115 en el Palacio Pe\u00f1arol, 77 en el viejo aeropuerto y 29 en la plaza de deportes 2).<\/p>\n\n\n\n<p>El informe indica, adem\u00e1s, que en esa noche del lunes la Polic\u00eda debi\u00f3 realizar 248 traslados voluntarios, y que no fue \u201cnecesario hacer uso del recurso de internaci\u00f3n compulsiva\u201d. Los equipos de salud llevaron a cabo 19 asistencias m\u00e9dicas y tres traslados a centros asistenciales.<\/p>\n\n\n\n<p>El decreto de alerta roja se emiti\u00f3 el 23 de junio ante el anuncio de la llegada de una ola de fr\u00edo polar y luego de varias muertes de personas en situaci\u00f3n de calle. Estos temas motivaron que el ministro de Desarrollo Social, Gonzalo Civila, compareciera ante la Comisi\u00f3n de Poblaci\u00f3n y Desarrollo de la C\u00e1mara de Diputados.<\/p>\n\n\n\n<p><em>*La Diaria &#8211; Foto: Alessandro Maradei<\/em><\/p>\n","protected":false},"excerpt":{"rendered":"<p>2.632 personas recibieron asistencia en algunos de los centros: 2.182 en los refugios del Ministerio de Desarrollo Social y 450 en los lugares de evacuaci\u00f3n.<\/p>\n","protected":false},"author":1,"featured_media":1455,"comment_status":"open","ping_status":"open","sticky":false,"template":"","format":"standard","meta":{"advgb_blocks_editor_width":"","advgb_blocks_columns_visual_guide":"","footnotes":"","jetpack_publicize_message":"","jetpack_publicize_feature_enabled":true,"jetpack_social_post_already_shared":true,"jetpack_social_options":{"image_generator_settings":{"template":"highway","default_image_id":0,"font":"","enabled":false},"version":2}},"categories":[7],"tags":[],"class_list":["post-1454","post","type-post","status-publish","format-standard","has-post-thumbnail","hentry","category-del-pais"],"author_meta":{"display_name":"Portal","author_link":"https:\/\/portaldeyoung.uy\/index.php\/author\/admin_port\/"},"featured_img":"https:\/\/portaldeyoung.uy\/wp-content\/uploads\/2025\/07\/Alerta-roja-refugio-300x200.jpg","jetpack_publicize_connections":[],"coauthors":[],"tax_additional":{"categories":{"linked":["<a href=\"https:\/\/portaldeyoung.uy\/index.php\/category\/del-pais\/\" class=\"advgb-post-tax-term\">Del pa\u00eds<\/a>"],"unlinked":["<span class=\"advgb-post-tax-term\">Del pa\u00eds<\/span>"]}},"comment_count":"0","relative_dates":{"created":"Publicado 10 meses hace","modified":"Actualizado 10 meses hace"},"absolute_dates":{"created":"Publicado el julio 16, 2025","modified":"Actualizado el julio 16, 2025"},"absolute_dates_time":{"created":"Publicado el julio 16, 2025 5:24 am","modified":"Actualizado el julio 16, 2025 5:24 am"},"featured_img_caption":"","series_order":"","_links":{"self":[{"href":"https:\/\/portaldeyoung.uy\/index.php\/wp-json\/wp\/v2\/posts\/1454","targetHints":{"allow":["GET"]}}],"collection":[{"href":"https:\/\/portaldeyoung.uy\/index.php\/wp-json\/wp\/v2\/posts"}],"about":[{"href":"https:\/\/portaldeyoung.uy\/index.php\/wp-json\/wp\/v2\/types\/post"}],"author":[{"embeddable":true,"href":"https:\/\/portaldeyoung.uy\/index.php\/wp-json\/wp\/v2\/users\/1"}],"replies":[{"embeddable":true,"href":"https:\/\/portaldeyoung.uy\/index.php\/wp-json\/wp\/v2\/comments?post=1454"}],"version-history":[{"count":1,"href":"https:\/\/portaldeyoung.uy\/index.php\/wp-json\/wp\/v2\/posts\/1454\/revisions"}],"predecessor-version":[{"id":1456,"href":"https:\/\/portaldeyoung.uy\/index.php\/wp-json\/wp\/v2\/posts\/1454\/revisions\/1456"}],"wp:featuredmedia":[{"embeddable":true,"href":"https:\/\/portaldeyoung.uy\/index.php\/wp-json\/wp\/v2\/media\/1455"}],"wp:attachment":[{"href":"https:\/\/portaldeyoung.uy\/index.php\/wp-json\/wp\/v2\/media?parent=1454"}],"wp:term":[{"taxonomy":"category","embeddable":true,"href":"https:\/\/portaldeyoung.uy\/index.php\/wp-json\/wp\/v2\/categories?post=1454"},{"taxonomy":"post_tag","embeddable":true,"href":"https:\/\/portaldeyoung.uy\/index.php\/wp-json\/wp\/v2\/tags?post=1454"}],"curies":[{"name":"wp","href":"https:\/\/api.w.org\/{rel}","templated":true}]}}