{"id":1450,"date":"2025-07-16T05:17:30","date_gmt":"2025-07-16T05:17:30","guid":{"rendered":"https:\/\/portaldeyoung.uy\/?p=1450"},"modified":"2025-07-16T05:18:36","modified_gmt":"2025-07-16T05:18:36","slug":"hombre-murio-luego-de-ser-atropellado-por-su-propio-camion-mientras-lo-arreglaba-en-ruta-3","status":"publish","type":"post","link":"https:\/\/portaldeyoung.uy\/index.php\/2025\/07\/16\/hombre-murio-luego-de-ser-atropellado-por-su-propio-camion-mientras-lo-arreglaba-en-ruta-3\/","title":{"rendered":"Hombre muri\u00f3 luego de ser atropellado por su propio cami\u00f3n mientras lo arreglaba en ruta 3"},"content":{"rendered":"\n<p>El conductor \u2013un hombre mayor\u2013 se desplazaba de <strong>norte a sur<\/strong> a bordo de un <strong>cami\u00f3n tractor con semi-remolque<\/strong>, y <strong>detuvo la marcha junto a la banquina oeste, <\/strong><strong>en una pendiente pronunciada <\/strong><strong>al sur del <\/strong><strong>arroyo Sacra<\/strong> porque al parecer el veh\u00edculo estaba frenado. Descendi\u00f3 del veh\u00edculo y comenz\u00f3 a trabajar debajo del semi con la ayuda de otra persona.<\/p>\n\n\n\n<p>Por causas a\u00fan <strong>no determinadas<\/strong>, el cami\u00f3n <strong>se liber\u00f3 de los tacos colocados<\/strong> y <strong>retrocedi\u00f3 inesperadamente<\/strong>, pasando por encima del conductor y provocando su <strong>muerte en el acto<\/strong>. El otro hombre que lo asist\u00eda result\u00f3 <strong>ileso<\/strong>.<\/p>\n\n\n\n<p>La <strong>ruta permaneci\u00f3 parcialmente obstruida<\/strong>, ya que el veh\u00edculo qued\u00f3 <strong>atravesado sobre la v\u00eda<\/strong>, as\u00ed como el cuerpo del infortunado trabajador qued\u00f3 en medio de la calzada, por lo que <strong>Polic\u00eda Caminera<\/strong> y personal de la <strong>Comisar\u00eda Cuarta<\/strong> trabajan en el lugar para liberar la circulaci\u00f3n y establecer las causas del siniestro. La <strong>Fiscal\u00eda de Turno<\/strong> fue informada del hecho y se esperan las pericias correspondientes.<\/p>\n\n\n\n<p><em>*Con informaci\u00f3n de El Tel\u00e9grafo<\/em><\/p>\n","protected":false},"excerpt":{"rendered":"<p>El conductor \u2013un hombre mayor\u2013 se desplazaba de norte a sur a bordo de un cami\u00f3n tractor con semi-remolque, y detuvo la marcha junto a<\/p>\n","protected":false},"author":1,"featured_media":1451,"comment_status":"open","ping_status":"open","sticky":false,"template":"","format":"standard","meta":{"advgb_blocks_editor_width":"","advgb_blocks_columns_visual_guide":"","footnotes":"","jetpack_publicize_message":"","jetpack_publicize_feature_enabled":true,"jetpack_social_post_already_shared":true,"jetpack_social_options":{"image_generator_settings":{"template":"highway","default_image_id":0,"font":"","enabled":false},"version":2}},"categories":[7],"tags":[],"class_list":["post-1450","post","type-post","status-publish","format-standard","has-post-thumbnail","hentry","category-del-pais"],"author_meta":{"display_name":"Portal","author_link":"https:\/\/portaldeyoung.uy\/index.php\/author\/admin_port\/"},"featured_img":"https:\/\/portaldeyoung.uy\/wp-content\/uploads\/2025\/07\/Accidente-fatal-en-ruta-3-camion-300x169.jpg","jetpack_publicize_connections":[],"coauthors":[],"tax_additional":{"categories":{"linked":["<a href=\"https:\/\/portaldeyoung.uy\/index.php\/category\/del-pais\/\" class=\"advgb-post-tax-term\">Del pa\u00eds<\/a>"],"unlinked":["<span class=\"advgb-post-tax-term\">Del pa\u00eds<\/span>"]}},"comment_count":"0","relative_dates":{"created":"Publicado 10 meses hace","modified":"Actualizado 10 meses hace"},"absolute_dates":{"created":"Publicado el julio 16, 2025","modified":"Actualizado el julio 16, 2025"},"absolute_dates_time":{"created":"Publicado el julio 16, 2025 5:17 am","modified":"Actualizado el julio 16, 2025 5:18 am"},"featured_img_caption":"","series_order":"","_links":{"self":[{"href":"https:\/\/portaldeyoung.uy\/index.php\/wp-json\/wp\/v2\/posts\/1450","targetHints":{"allow":["GET"]}}],"collection":[{"href":"https:\/\/portaldeyoung.uy\/index.php\/wp-json\/wp\/v2\/posts"}],"about":[{"href":"https:\/\/portaldeyoung.uy\/index.php\/wp-json\/wp\/v2\/types\/post"}],"author":[{"embeddable":true,"href":"https:\/\/portaldeyoung.uy\/index.php\/wp-json\/wp\/v2\/users\/1"}],"replies":[{"embeddable":true,"href":"https:\/\/portaldeyoung.uy\/index.php\/wp-json\/wp\/v2\/comments?post=1450"}],"version-history":[{"count":2,"href":"https:\/\/portaldeyoung.uy\/index.php\/wp-json\/wp\/v2\/posts\/1450\/revisions"}],"predecessor-version":[{"id":1453,"href":"https:\/\/portaldeyoung.uy\/index.php\/wp-json\/wp\/v2\/posts\/1450\/revisions\/1453"}],"wp:featuredmedia":[{"embeddable":true,"href":"https:\/\/portaldeyoung.uy\/index.php\/wp-json\/wp\/v2\/media\/1451"}],"wp:attachment":[{"href":"https:\/\/portaldeyoung.uy\/index.php\/wp-json\/wp\/v2\/media?parent=1450"}],"wp:term":[{"taxonomy":"category","embeddable":true,"href":"https:\/\/portaldeyoung.uy\/index.php\/wp-json\/wp\/v2\/categories?post=1450"},{"taxonomy":"post_tag","embeddable":true,"href":"https:\/\/portaldeyoung.uy\/index.php\/wp-json\/wp\/v2\/tags?post=1450"}],"curies":[{"name":"wp","href":"https:\/\/api.w.org\/{rel}","templated":true}]}}