{"id":1429,"date":"2025-07-15T12:12:22","date_gmt":"2025-07-15T12:12:22","guid":{"rendered":"https:\/\/portaldeyoung.uy\/?p=1429"},"modified":"2025-07-15T21:24:16","modified_gmt":"2025-07-15T21:24:16","slug":"blanca-vigo-nueva-integrante-del-concejo-municipal-de-young-compromiso-y-desafios","status":"publish","type":"post","link":"https:\/\/portaldeyoung.uy\/index.php\/2025\/07\/15\/blanca-vigo-nueva-integrante-del-concejo-municipal-de-young-compromiso-y-desafios\/","title":{"rendered":"Blanca Vigo, nueva integrante del Concejo Municipal de Young: Compromiso y Desaf\u00edos"},"content":{"rendered":"\n<p>En el d\u00eda de la asunci\u00f3n del nuevo Concejo Municipal de Young, <em><strong>Portal de Young<\/strong><\/em> tuvo la posibilidad de dialogar con Blanca Vigo, quien asume su rol en representaci\u00f3n del Partido Nacional. Vigo expres\u00f3 que asumir este cargo es un desaf\u00edo personal y de compromiso con la comunidad, destacando la confianza depositada por los vecinos en la lista que representa.<\/p>\n\n\n\n<p>\u00abEs un lindo grupo humano donde nos une el prop\u00f3sito com\u00fan de servir a nuestros vecinos. A veces puede ser complicado entender el funcionamiento colegiado, pero estamos aqu\u00ed para trabajar en equipo\u00bb, mencion\u00f3 Vigo durante la entrevista.<\/p>\n\n\n\n<p>Adem\u00e1s, la nueva integrante del colegiado municipal comparti\u00f3 detalles sobre la capacitaci\u00f3n en gesti\u00f3n municipal que recientemente realizaron en Punta del Este, subrayando la importancia de estar preparados para los desaf\u00edos administrativos que enfrentar\u00e1 el nuevo equipo.<\/p>\n\n\n\n<p><strong>VIDEO:<\/strong><\/p>\n\n\n\n<figure class=\"wp-block-embed is-type-video is-provider-youtube wp-block-embed-youtube wp-embed-aspect-16-9 wp-has-aspect-ratio\"><div class=\"wp-block-embed__wrapper\">\n<iframe loading=\"lazy\" title=\"Blanca Vigo Concejal Young\" width=\"640\" height=\"360\" src=\"https:\/\/www.youtube.com\/embed\/gsiygKk107A?feature=oembed\" frameborder=\"0\" allow=\"accelerometer; autoplay; clipboard-write; encrypted-media; gyroscope; picture-in-picture; web-share\" referrerpolicy=\"strict-origin-when-cross-origin\" allowfullscreen><\/iframe>\n<\/div><\/figure>\n","protected":false},"excerpt":{"rendered":"<p>En el d\u00eda de la asunci\u00f3n del nuevo Concejo Municipal de Young, Portal de Young tuvo la posibilidad de dialogar con Blanca Vigo, quien asume<\/p>\n","protected":false},"author":1,"featured_media":1430,"comment_status":"open","ping_status":"open","sticky":false,"template":"","format":"standard","meta":{"advgb_blocks_editor_width":"","advgb_blocks_columns_visual_guide":"","footnotes":"","jetpack_publicize_message":"","jetpack_publicize_feature_enabled":true,"jetpack_social_post_already_shared":true,"jetpack_social_options":{"image_generator_settings":{"template":"highway","default_image_id":0,"font":"","enabled":false},"version":2}},"categories":[4],"tags":[],"class_list":["post-1429","post","type-post","status-publish","format-standard","has-post-thumbnail","hentry","category-de-aca"],"author_meta":{"display_name":"Portal","author_link":"https:\/\/portaldeyoung.uy\/index.php\/author\/admin_port\/"},"featured_img":"https:\/\/portaldeyoung.uy\/wp-content\/uploads\/2025\/07\/Vigo-foto-300x169.jpg","jetpack_publicize_connections":[],"coauthors":[],"tax_additional":{"categories":{"linked":["<a href=\"https:\/\/portaldeyoung.uy\/index.php\/category\/de-aca\/\" class=\"advgb-post-tax-term\">De ac\u00e1<\/a>"],"unlinked":["<span class=\"advgb-post-tax-term\">De ac\u00e1<\/span>"]}},"comment_count":"0","relative_dates":{"created":"Publicado 10 meses hace","modified":"Actualizado 10 meses hace"},"absolute_dates":{"created":"Publicado el julio 15, 2025","modified":"Actualizado el julio 15, 2025"},"absolute_dates_time":{"created":"Publicado el julio 15, 2025 12:12 pm","modified":"Actualizado el julio 15, 2025 9:24 pm"},"featured_img_caption":"","series_order":"","_links":{"self":[{"href":"https:\/\/portaldeyoung.uy\/index.php\/wp-json\/wp\/v2\/posts\/1429","targetHints":{"allow":["GET"]}}],"collection":[{"href":"https:\/\/portaldeyoung.uy\/index.php\/wp-json\/wp\/v2\/posts"}],"about":[{"href":"https:\/\/portaldeyoung.uy\/index.php\/wp-json\/wp\/v2\/types\/post"}],"author":[{"embeddable":true,"href":"https:\/\/portaldeyoung.uy\/index.php\/wp-json\/wp\/v2\/users\/1"}],"replies":[{"embeddable":true,"href":"https:\/\/portaldeyoung.uy\/index.php\/wp-json\/wp\/v2\/comments?post=1429"}],"version-history":[{"count":3,"href":"https:\/\/portaldeyoung.uy\/index.php\/wp-json\/wp\/v2\/posts\/1429\/revisions"}],"predecessor-version":[{"id":1440,"href":"https:\/\/portaldeyoung.uy\/index.php\/wp-json\/wp\/v2\/posts\/1429\/revisions\/1440"}],"wp:featuredmedia":[{"embeddable":true,"href":"https:\/\/portaldeyoung.uy\/index.php\/wp-json\/wp\/v2\/media\/1430"}],"wp:attachment":[{"href":"https:\/\/portaldeyoung.uy\/index.php\/wp-json\/wp\/v2\/media?parent=1429"}],"wp:term":[{"taxonomy":"category","embeddable":true,"href":"https:\/\/portaldeyoung.uy\/index.php\/wp-json\/wp\/v2\/categories?post=1429"},{"taxonomy":"post_tag","embeddable":true,"href":"https:\/\/portaldeyoung.uy\/index.php\/wp-json\/wp\/v2\/tags?post=1429"}],"curies":[{"name":"wp","href":"https:\/\/api.w.org\/{rel}","templated":true}]}}