{"id":1420,"date":"2025-07-15T11:18:36","date_gmt":"2025-07-15T11:18:36","guid":{"rendered":"https:\/\/portaldeyoung.uy\/?p=1420"},"modified":"2025-07-15T11:18:39","modified_gmt":"2025-07-15T11:18:39","slug":"eliminatorias-conmebol-confirmo-fechas-y-horarios-de-las-ultimas-dos-fechas-en-setiembre","status":"publish","type":"post","link":"https:\/\/portaldeyoung.uy\/index.php\/2025\/07\/15\/eliminatorias-conmebol-confirmo-fechas-y-horarios-de-las-ultimas-dos-fechas-en-setiembre\/","title":{"rendered":"Eliminatorias: Conmebol confirm\u00f3 fechas y horarios de las \u00faltimas dos fechas en setiembre"},"content":{"rendered":"\n<p>Uruguay recibir\u00e1 a Per\u00fa el jueves 4 y cerrar\u00e1 su participaci\u00f3n cinco d\u00edas despu\u00e9s, cuando visite a Chile en Santiago.<\/p>\n\n\n\n<p>La Confederaci\u00f3n Sudamericana de F\u00fatbol (Conmebol) confirm\u00f3 los horarios de los partidos de las \u00faltimas dos fechas de las Eliminatorias rumbo a la Copa del Mundo 2026, que se disputar\u00e1n de forma \u00edntegra el jueves 4 de setiembre y el martes 9.<a href=\"https:\/\/vdo.ai\/contact?utm_medium=video&amp;utm_term=montevideo.com.uy&amp;utm_source=vdoai_logo\" target=\"_blank\" rel=\"noreferrer noopener\"><\/a><\/p>\n\n\n\n<p>La particularidad es que en ambas jornadas habr\u00e1 cuatro partidos en simult\u00e1neo y el restante se montar\u00e1 en buena parte. Considerando que Uruguay y Paraguay todav\u00eda no est\u00e1n matem\u00e1ticamente, tendr\u00e1n que jugar a la misma hora que Colombia y Venezuela, cuyos encuentros se fijaron a las 20:30. Brasil, ya clasificado, recibir\u00e1 al eliminado Chile a las 21.<\/p>\n\n\n\n<p>En la \u00faltima, Ecuador y Argentina son los \u00fanicos que no se jugar\u00e1n nada, por estar ya clasificados, y se medir\u00e1n desde las 20 en Guayaquil. Media hora despu\u00e9s comenzar\u00e1n los otros partidos.<\/p>\n\n\n\n<h4 class=\"wp-block-heading\">DETALLES<\/h4>\n\n\n\n<p><strong>FECHA 17 \u2013 jueves 4<\/strong><\/p>\n\n\n\n<p>20:30 Uruguay-Per\u00fa (Montevideo)<br>20:30 Colombia-Bolivia (Barranquilla)<br>20:30 Paraguay-Ecuador (Asunci\u00f3n)<br>20:30 Argentina-Venezuela (Buenos Aires)<br>21:30 Brasil-Chile (R\u00edo de Janeiro)<\/p>\n\n\n\n<p><strong>FECHA 18 \u2013 martes 9<\/strong><\/p>\n\n\n\n<p>20:00 Ecuador-Argentina (Guayaquil)<br>20:30 Per\u00fa-Paraguay (Lima)<br>20:30 Venezuela-Colombia (Matur\u00edn)<br>20:30 Bolivia-Brasil (El Alto)<br>20:30 Chile-Uruguay (Santiago)<\/p>\n\n\n\n<p><em>*F\u00fatbolUy    Foto: Paolo Aguilar \/ EFE<\/em><\/p>\n","protected":false},"excerpt":{"rendered":"<p>Uruguay recibir\u00e1 a Per\u00fa el jueves 4 y cerrar\u00e1 su participaci\u00f3n cinco d\u00edas despu\u00e9s, cuando visite a Chile en Santiago. La Confederaci\u00f3n Sudamericana de F\u00fatbol<\/p>\n","protected":false},"author":1,"featured_media":1421,"comment_status":"open","ping_status":"open","sticky":false,"template":"","format":"standard","meta":{"advgb_blocks_editor_width":"","advgb_blocks_columns_visual_guide":"","footnotes":"","jetpack_publicize_message":"","jetpack_publicize_feature_enabled":true,"jetpack_social_post_already_shared":true,"jetpack_social_options":{"image_generator_settings":{"template":"highway","default_image_id":0,"font":"","enabled":false},"version":2}},"categories":[5],"tags":[],"class_list":["post-1420","post","type-post","status-publish","format-standard","has-post-thumbnail","hentry","category-de-la-tribuna"],"author_meta":{"display_name":"Portal","author_link":"https:\/\/portaldeyoung.uy\/index.php\/author\/admin_port\/"},"featured_img":"https:\/\/portaldeyoung.uy\/wp-content\/uploads\/2025\/07\/uruguay-peru-300x169.png","jetpack_publicize_connections":[],"coauthors":[],"tax_additional":{"categories":{"linked":["<a href=\"https:\/\/portaldeyoung.uy\/index.php\/category\/de-la-tribuna\/\" class=\"advgb-post-tax-term\">De la tribuna<\/a>"],"unlinked":["<span class=\"advgb-post-tax-term\">De la tribuna<\/span>"]}},"comment_count":"0","relative_dates":{"created":"Publicado 10 meses hace","modified":"Actualizado 10 meses hace"},"absolute_dates":{"created":"Publicado el julio 15, 2025","modified":"Actualizado el julio 15, 2025"},"absolute_dates_time":{"created":"Publicado el julio 15, 2025 11:18 am","modified":"Actualizado el julio 15, 2025 11:18 am"},"featured_img_caption":"","series_order":"","_links":{"self":[{"href":"https:\/\/portaldeyoung.uy\/index.php\/wp-json\/wp\/v2\/posts\/1420","targetHints":{"allow":["GET"]}}],"collection":[{"href":"https:\/\/portaldeyoung.uy\/index.php\/wp-json\/wp\/v2\/posts"}],"about":[{"href":"https:\/\/portaldeyoung.uy\/index.php\/wp-json\/wp\/v2\/types\/post"}],"author":[{"embeddable":true,"href":"https:\/\/portaldeyoung.uy\/index.php\/wp-json\/wp\/v2\/users\/1"}],"replies":[{"embeddable":true,"href":"https:\/\/portaldeyoung.uy\/index.php\/wp-json\/wp\/v2\/comments?post=1420"}],"version-history":[{"count":1,"href":"https:\/\/portaldeyoung.uy\/index.php\/wp-json\/wp\/v2\/posts\/1420\/revisions"}],"predecessor-version":[{"id":1422,"href":"https:\/\/portaldeyoung.uy\/index.php\/wp-json\/wp\/v2\/posts\/1420\/revisions\/1422"}],"wp:featuredmedia":[{"embeddable":true,"href":"https:\/\/portaldeyoung.uy\/index.php\/wp-json\/wp\/v2\/media\/1421"}],"wp:attachment":[{"href":"https:\/\/portaldeyoung.uy\/index.php\/wp-json\/wp\/v2\/media?parent=1420"}],"wp:term":[{"taxonomy":"category","embeddable":true,"href":"https:\/\/portaldeyoung.uy\/index.php\/wp-json\/wp\/v2\/categories?post=1420"},{"taxonomy":"post_tag","embeddable":true,"href":"https:\/\/portaldeyoung.uy\/index.php\/wp-json\/wp\/v2\/tags?post=1420"}],"curies":[{"name":"wp","href":"https:\/\/api.w.org\/{rel}","templated":true}]}}