{"id":1406,"date":"2025-07-15T10:40:19","date_gmt":"2025-07-15T10:40:19","guid":{"rendered":"https:\/\/portaldeyoung.uy\/?p=1406"},"modified":"2025-07-15T10:40:24","modified_gmt":"2025-07-15T10:40:24","slug":"mas-de-2-500-pasivos-en-lista-de-espera-para-acceder-a-vivienda","status":"publish","type":"post","link":"https:\/\/portaldeyoung.uy\/index.php\/2025\/07\/15\/mas-de-2-500-pasivos-en-lista-de-espera-para-acceder-a-vivienda\/","title":{"rendered":"M\u00e1s de 2.500 pasivos en lista de espera para acceder a vivienda"},"content":{"rendered":"\n<p>Durante su reciente visita a Paysand\u00fa, la presidenta del Banco de Previsi\u00f3n Social (BPS), Jimena Pardo, inform\u00f3 que actualmente hay unas 2.500 personas jubiladas en condiciones de acceder a una vivienda si estas existieran, pero no hay unidades disponibles para dar respuesta a esa demanda.<\/p>\n\n\n\n<p>A su entender, una de las razones de ese desfasaje radica en la falta de continuidad en las licitaciones para vivienda nueva. \u201cLo que estamos entregando hoy se licit\u00f3 en 2019\u201d, record\u00f3, en referencia al proceso que llev\u00f3 al edificio recientemente inaugurado en el complejo \u201cLos Telares\u201d en el predio de la antigua Paylana.<\/p>\n\n\n\n<p>En ese sentido, explic\u00f3 que, aunque el nuevo presupuesto quinquenal permita destinar fondos para este fin, los plazos que demandan los llamados p\u00fablicos hacen dif\u00edcil una soluci\u00f3n r\u00e1pida. \u201cVamos a tener que buscar mecanismos m\u00e1s innovadores y quiz\u00e1s de mayor creatividad para poder abastecer esta demanda\u201d, indic\u00f3.<\/p>\n\n\n\n<p>Mencion\u00f3 como posibles v\u00edas el reciclaje de viviendas existentes, la cesi\u00f3n de cupos por parte del Ministerio de Vivienda en proyectos no dise\u00f1ados exclusivamente para pasivos o el fortalecimiento del subsidio de alquiler.<\/p>\n\n\n\n<p>Actualmente, el programa habitacional del BPS se estructura en tres modalidades: entrega de viviendas en comodato, subsidio de alquiler y cupos en establecimientos de larga estad\u00eda para personas con dependencia.<br>Sin embargo, las dos primeras opciones est\u00e1n limitadas por la disponibilidad presupuestal del Ministerio de Vivienda.<\/p>\n\n\n\n<p><em>*El Tel\u00e9grafo<\/em><\/p>\n","protected":false},"excerpt":{"rendered":"<p>Durante su reciente visita a Paysand\u00fa, la presidenta del Banco de Previsi\u00f3n Social (BPS), Jimena Pardo, inform\u00f3 que actualmente hay unas 2.500 personas jubiladas en<\/p>\n","protected":false},"author":1,"featured_media":1407,"comment_status":"open","ping_status":"open","sticky":false,"template":"","format":"standard","meta":{"advgb_blocks_editor_width":"","advgb_blocks_columns_visual_guide":"","footnotes":"","jetpack_publicize_message":"","jetpack_publicize_feature_enabled":true,"jetpack_social_post_already_shared":true,"jetpack_social_options":{"image_generator_settings":{"template":"highway","default_image_id":0,"font":"","enabled":false},"version":2}},"categories":[7],"tags":[],"class_list":["post-1406","post","type-post","status-publish","format-standard","has-post-thumbnail","hentry","category-del-pais"],"author_meta":{"display_name":"Portal","author_link":"https:\/\/portaldeyoung.uy\/index.php\/author\/admin_port\/"},"featured_img":"https:\/\/portaldeyoung.uy\/wp-content\/uploads\/2025\/07\/jimena-pardo-300x169.jpg","jetpack_publicize_connections":[],"coauthors":[],"tax_additional":{"categories":{"linked":["<a href=\"https:\/\/portaldeyoung.uy\/index.php\/category\/del-pais\/\" class=\"advgb-post-tax-term\">Del pa\u00eds<\/a>"],"unlinked":["<span class=\"advgb-post-tax-term\">Del pa\u00eds<\/span>"]}},"comment_count":"0","relative_dates":{"created":"Publicado 10 meses hace","modified":"Actualizado 10 meses hace"},"absolute_dates":{"created":"Publicado el julio 15, 2025","modified":"Actualizado el julio 15, 2025"},"absolute_dates_time":{"created":"Publicado el julio 15, 2025 10:40 am","modified":"Actualizado el julio 15, 2025 10:40 am"},"featured_img_caption":"","series_order":"","_links":{"self":[{"href":"https:\/\/portaldeyoung.uy\/index.php\/wp-json\/wp\/v2\/posts\/1406","targetHints":{"allow":["GET"]}}],"collection":[{"href":"https:\/\/portaldeyoung.uy\/index.php\/wp-json\/wp\/v2\/posts"}],"about":[{"href":"https:\/\/portaldeyoung.uy\/index.php\/wp-json\/wp\/v2\/types\/post"}],"author":[{"embeddable":true,"href":"https:\/\/portaldeyoung.uy\/index.php\/wp-json\/wp\/v2\/users\/1"}],"replies":[{"embeddable":true,"href":"https:\/\/portaldeyoung.uy\/index.php\/wp-json\/wp\/v2\/comments?post=1406"}],"version-history":[{"count":1,"href":"https:\/\/portaldeyoung.uy\/index.php\/wp-json\/wp\/v2\/posts\/1406\/revisions"}],"predecessor-version":[{"id":1408,"href":"https:\/\/portaldeyoung.uy\/index.php\/wp-json\/wp\/v2\/posts\/1406\/revisions\/1408"}],"wp:featuredmedia":[{"embeddable":true,"href":"https:\/\/portaldeyoung.uy\/index.php\/wp-json\/wp\/v2\/media\/1407"}],"wp:attachment":[{"href":"https:\/\/portaldeyoung.uy\/index.php\/wp-json\/wp\/v2\/media?parent=1406"}],"wp:term":[{"taxonomy":"category","embeddable":true,"href":"https:\/\/portaldeyoung.uy\/index.php\/wp-json\/wp\/v2\/categories?post=1406"},{"taxonomy":"post_tag","embeddable":true,"href":"https:\/\/portaldeyoung.uy\/index.php\/wp-json\/wp\/v2\/tags?post=1406"}],"curies":[{"name":"wp","href":"https:\/\/api.w.org\/{rel}","templated":true}]}}