{"id":1398,"date":"2025-07-15T10:32:46","date_gmt":"2025-07-15T10:32:46","guid":{"rendered":"https:\/\/portaldeyoung.uy\/?p=1398"},"modified":"2025-07-15T10:32:50","modified_gmt":"2025-07-15T10:32:50","slug":"humor-el-gran-quino-y-sus-historietas","status":"publish","type":"post","link":"https:\/\/portaldeyoung.uy\/index.php\/2025\/07\/15\/humor-el-gran-quino-y-sus-historietas\/","title":{"rendered":"Humor: el gran Quino y sus historietas"},"content":{"rendered":"\n<figure class=\"wp-block-image size-full\"><img loading=\"lazy\" decoding=\"async\" width=\"451\" height=\"574\" src=\"https:\/\/portaldeyoung.uy\/wp-content\/uploads\/2025\/07\/Quino-humor.png\" alt=\"\" class=\"wp-image-1399\" srcset=\"https:\/\/portaldeyoung.uy\/wp-content\/uploads\/2025\/07\/Quino-humor.png 451w, https:\/\/portaldeyoung.uy\/wp-content\/uploads\/2025\/07\/Quino-humor-236x300.png 236w\" sizes=\"auto, (max-width: 451px) 100vw, 451px\" \/><\/figure>\n\n\n\n<p><strong>Joaqu\u00edn Salvador Lavado Tej\u00f3n<\/strong>, tal es su verdadero nombre, se convirti\u00f3 en una de las personalidades m\u00e1s notables de la historieta. Su gran creaci\u00f3n, <strong>Mafalda<\/strong>, logr\u00f3 reconocimiento no solo en la Argentina. <strong>Quino<\/strong>, como le dec\u00edan, naci\u00f3 el 17 de julio de 1932, en la ciudad de Mendoza. Durante su infancia, ya hab\u00eda logrado un acercamiento muy l\u00fadico con el dibujo. Al finalizar la escuela primaria, se inscribi\u00f3 en la Escuela de Bellas Artes de su provincia, pero luego la abandon\u00f3 para dedicarse exclusivamente a dibujar historietas. Y fue a sus 18 a\u00f1os cuando viaj\u00f3 a Buenos Aires en busca de editor.<\/p>\n\n\n\n<p>Pasaron tres a\u00f1os dif\u00edciles, pero luego, lleg\u00f3 la recompensa por no haber abandonado. \u201cEl d\u00eda que publiqu\u00e9 mi primera p\u00e1gina pas\u00e9 el momento m\u00e1s feliz de mi vida\u201d, dijo una vez, recordando ese primer gran momento de publicaci\u00f3n en la revista <em>Esto Es<\/em>, en 1954. Desde entonces, nunca dej\u00f3 de publicar sus historietas humor\u00edsticas. <em>Leopl\u00e1n<\/em>, <em>TV Gu\u00eda<\/em>, <em>Vea y Lea<\/em>, <em>Damas y Damitas<\/em>, <em>Usted<\/em>, <em>Panorama<\/em>, <em>Ad\u00e1n<\/em>, <em>Atl\u00e1ntida<\/em>, <em>Che, el diario Democracia<\/em> fueron algunas de las publicaciones en las que colabor\u00f3.<\/p>\n\n\n\n<p>En 1963 public\u00f3 su primer libro, <em>Mundo Quino<\/em>, en el que recopil\u00f3 distintas piezas gr\u00e1ficas humor\u00edsticas que hab\u00eda hecho hasta el momento, con pr\u00f3logo de su amigo, el escritor y humorista Miguel Brasc\u00f3. Y fue precisamente Brasc\u00f3 quien present\u00f3 a Quino en la <em>Agens Publicidad<\/em>, que en ese momento estaban en plena b\u00fasqueda de un dibujante para el lanzamiento Mansfield: una l\u00ednea de productos electrodom\u00e9sticos. Quino fue el elegido y comenz\u00f3 a crear algunos personajes que deb\u00edan contener la inicial \u00abM\u00bb como nombre, en referencia a la marca Mansfield. De ah\u00ed naci\u00f3 Mafalda. Finalmente, la campa\u00f1a publicitaria nunca se realiz\u00f3, pero Quino conserv\u00f3 a Mafalda y el resto es historia.<\/p>\n\n\n\n<h5 class=\"wp-block-heading\"><strong>El universo Mafalda<\/strong><\/h5>\n\n\n\n<p>En una tira publicada por primera vez el 29 de septiembre de 1964, en el semanario <em>Primera Plana<\/em>, la Argentina conoci\u00f3 a Mafalda. A partir de aquel d\u00eda, comenz\u00f3 una <em>mafaldaman\u00eda<\/em> e integr\u00f3 tambi\u00e9n la secci\u00f3n humor\u00edstica de otro medios, como diario <em>El Mundo<\/em> y, luego, de la revista <em>Siete D\u00edas<\/em>. Por supuesto, tambi\u00e9n lleg\u00f3 en formato libro.<\/p>\n\n\n\n<p>\u00abEl 9 de marzo 1965, con el paso de las tiras c\u00f3micas al peri\u00f3dico <em>El Mundo<\/em> (en el que Quino publicar\u00e1 seis tiras por semana), se inicia el imparable \u00e9xito del personaje, que cruza las fronteras nacionales para conquistar Am\u00e9rica del Sur y luego se extiende a Europa, ganando una posici\u00f3n de liderazgo en el imaginario colectivo. Jorge \u00c1lvarez Editor publica el primer libro de Mafalda que re\u00fane las primeras tiras en orden de publicaci\u00f3n, tal como se har\u00e1 en los siguientes. Sale en Argentina para Navidad y en dos d\u00edas se agota su tirada de 5000 ejemplares. En Italia, se edita en 1969 el primer libro, \u201cMafalda la Contestataria\u201d, con la presentaci\u00f3n de Umberto Eco, director de la colecci\u00f3n\u00bb, dicen desde su biograf\u00eda oficial.<\/p>\n\n\n\n<p>Quino, a los 88 a\u00f1os, muri\u00f3 en su Mendoza natal el 30 de septiembre de 2020. A lo largo de su vida, recibi\u00f3 diversas distinciones. Entre sus numerosos premios: el Palma de Oro en el Sal\u00f3n Internacional del Humorismo de Bordighera (1978), Dibujante del a\u00f1o (1982), concedido por sus colegas, el Konex de Platino de las artes visuales-humor gr\u00e1fico (1982 y 1992) y el Konex Menci\u00f3n a la trayectoria (2012), Ciudadano Ilustre y llave de la ciudad de Mendoza (1988), Ciudadano Ilustre de la Ciudad de Buenos Aires (2004), Caballero de la Orden de Isabel la Cat\u00f3lica (2005), Premio Pr\u00edncipe de Asturias de Comunicaci\u00f3n y Humanidades (2014).<\/p>\n\n\n\n<p><\/p>\n","protected":false},"excerpt":{"rendered":"<p>Joaqu\u00edn Salvador Lavado Tej\u00f3n, tal es su verdadero nombre, se convirti\u00f3 en una de las personalidades m\u00e1s notables de la historieta. Su gran creaci\u00f3n, Mafalda,<\/p>\n","protected":false},"author":1,"featured_media":1400,"comment_status":"open","ping_status":"open","sticky":false,"template":"","format":"standard","meta":{"advgb_blocks_editor_width":"","advgb_blocks_columns_visual_guide":"","footnotes":"","jetpack_publicize_message":"","jetpack_publicize_feature_enabled":false,"jetpack_social_post_already_shared":false,"jetpack_social_options":{"image_generator_settings":{"template":"highway","default_image_id":0,"enabled":false},"version":2}},"categories":[17],"tags":[],"class_list":["post-1398","post","type-post","status-publish","format-standard","has-post-thumbnail","hentry","category-humor"],"author_meta":{"display_name":"Portal","author_link":"https:\/\/portaldeyoung.uy\/index.php\/author\/admin_port\/"},"featured_img":"https:\/\/portaldeyoung.uy\/wp-content\/uploads\/2025\/07\/quino-300x169.jpg","jetpack_publicize_connections":[],"coauthors":[],"tax_additional":{"categories":{"linked":["<a href=\"https:\/\/portaldeyoung.uy\/index.php\/category\/humor\/\" class=\"advgb-post-tax-term\">Humor<\/a>"],"unlinked":["<span class=\"advgb-post-tax-term\">Humor<\/span>"]}},"comment_count":"0","relative_dates":{"created":"Publicado 10 meses hace","modified":"Actualizado 10 meses hace"},"absolute_dates":{"created":"Publicado el julio 15, 2025","modified":"Actualizado el julio 15, 2025"},"absolute_dates_time":{"created":"Publicado el julio 15, 2025 10:32 am","modified":"Actualizado el julio 15, 2025 10:32 am"},"featured_img_caption":"","series_order":"","_links":{"self":[{"href":"https:\/\/portaldeyoung.uy\/index.php\/wp-json\/wp\/v2\/posts\/1398","targetHints":{"allow":["GET"]}}],"collection":[{"href":"https:\/\/portaldeyoung.uy\/index.php\/wp-json\/wp\/v2\/posts"}],"about":[{"href":"https:\/\/portaldeyoung.uy\/index.php\/wp-json\/wp\/v2\/types\/post"}],"author":[{"embeddable":true,"href":"https:\/\/portaldeyoung.uy\/index.php\/wp-json\/wp\/v2\/users\/1"}],"replies":[{"embeddable":true,"href":"https:\/\/portaldeyoung.uy\/index.php\/wp-json\/wp\/v2\/comments?post=1398"}],"version-history":[{"count":1,"href":"https:\/\/portaldeyoung.uy\/index.php\/wp-json\/wp\/v2\/posts\/1398\/revisions"}],"predecessor-version":[{"id":1401,"href":"https:\/\/portaldeyoung.uy\/index.php\/wp-json\/wp\/v2\/posts\/1398\/revisions\/1401"}],"wp:featuredmedia":[{"embeddable":true,"href":"https:\/\/portaldeyoung.uy\/index.php\/wp-json\/wp\/v2\/media\/1400"}],"wp:attachment":[{"href":"https:\/\/portaldeyoung.uy\/index.php\/wp-json\/wp\/v2\/media?parent=1398"}],"wp:term":[{"taxonomy":"category","embeddable":true,"href":"https:\/\/portaldeyoung.uy\/index.php\/wp-json\/wp\/v2\/categories?post=1398"},{"taxonomy":"post_tag","embeddable":true,"href":"https:\/\/portaldeyoung.uy\/index.php\/wp-json\/wp\/v2\/tags?post=1398"}],"curies":[{"name":"wp","href":"https:\/\/api.w.org\/{rel}","templated":true}]}}