{"id":1395,"date":"2025-07-15T10:28:14","date_gmt":"2025-07-15T10:28:14","guid":{"rendered":"https:\/\/portaldeyoung.uy\/?p=1395"},"modified":"2025-07-15T10:28:17","modified_gmt":"2025-07-15T10:28:17","slug":"julio-amarillo-uruguay-busca-visibilizar-el-sarcoma-un-cancer-poco-frecuente-y-letal","status":"publish","type":"post","link":"https:\/\/portaldeyoung.uy\/index.php\/2025\/07\/15\/julio-amarillo-uruguay-busca-visibilizar-el-sarcoma-un-cancer-poco-frecuente-y-letal\/","title":{"rendered":"\u00abJulio Amarillo\u00bb: Uruguay busca visibilizar el sarcoma, un c\u00e1ncer poco frecuente y letal"},"content":{"rendered":"\n<p>Cada a\u00f1o mueren en promedio 86 uruguayos por sarcoma, un c\u00e1ncer que afecta huesos y tejidos blandos.<\/p>\n\n\n\n<p>Con motivo del D\u00eda Internacional del Sarcoma, que se conmemor\u00f3 el 13 de julio, <strong>U<\/strong><strong>ruguay se suma a la campa\u00f1a global \u201cJulio Amarillo\u201d, <\/strong>destinada a informar y generar conciencia sobre este tipo de c\u00e1ncer poco frecuente pero altamente letal. En promedio, el pa\u00eds registra <strong>147 nuevos casos por a\u00f1o<\/strong> y <strong>86 muertes anuales<\/strong> asociadas a sarcomas \u00f3seos y de partes blandas, seg\u00fan datos del Registro Nacional del C\u00e1ncer.<\/p>\n\n\n\n<p>El sarcoma es un tipo de tumor que se origina en el <strong>tejido conjuntivo<\/strong>, es decir, en estructuras de soporte del cuerpo como m\u00fasculos, huesos, cart\u00edlagos y grasa. A pesar de que este tejido constituye hasta el 80% del cuerpo humano, <strong>los sarcomas representan solo el 1% de todos los tumores en adultos<\/strong>, aunque alcanzan hasta un <strong>25% en pacientes pedi\u00e1tricos<\/strong>, seg\u00fan explic\u00f3 el Dr. Nicol\u00e1s Casales, presidente de la Sociedad Uruguaya de Ortopedia y Traumatolog\u00eda y referente regional en tumores m\u00fasculo-esquel\u00e9ticos.<\/p>\n\n\n\n<p><a href=\"https:\/\/vdo.ai\/contact?utm_medium=video&amp;utm_term=montevideo.com.uy&amp;utm_source=vdoai_logo\" target=\"_blank\" rel=\"noreferrer noopener\"><\/a><strong>Diagn\u00f3stico: un desaf\u00edo silencioso<\/strong><\/p>\n\n\n\n<p>Los <strong>sarcomas de partes blandas<\/strong> se manifiestan habitualmente como un <strong>bulto de crecimiento progresivo<\/strong>, mientras que los <strong>sarcomas \u00f3seos<\/strong> pueden producir dolor, aumento de volumen o, en casos m\u00e1s avanzados, una fractura patol\u00f3gica. El Dr. Casales subray\u00f3 la necesidad de <strong>mantener un alto \u00edndice de sospecha m\u00e9dica<\/strong>, dado que muchas veces los s\u00edntomas son sutiles o poco espec\u00edficos.<\/p>\n\n\n\n<p><strong>Un abordaje multidisciplinario<\/strong><\/p>\n\n\n\n<p>En Uruguay, desde hace 12 a\u00f1os funciona la <strong>Unidad de Patolog\u00eda Oncol\u00f3gica Musculoesquel\u00e9tica (Upome)<\/strong> en la Universidad de la Rep\u00fablica, en coordinaci\u00f3n con ASSE. Este equipo multidisciplinario busca consolidarse como <strong>centro de referencia nacional<\/strong> para la derivaci\u00f3n, diagn\u00f3stico y tratamiento de los sarcomas, una afecci\u00f3n que requiere atenci\u00f3n especializada y protocolos rigurosos.<\/p>\n\n\n\n<p><strong>Entre la ciencia y la humanidad<\/strong><\/p>\n\n\n\n<p>A pesar de su agresividad y de los desaf\u00edos diagn\u00f3sticos, el Dr. Casales destac\u00f3 el valor humano que rodea a estos pacientes: \u201cLos pacientes con sarcoma tienen una energ\u00eda especial, una tenacidad que nos contagia a todos los que los acompa\u00f1amos en el tratamiento\u201d. Adem\u00e1s, record\u00f3 que el 13 de julio tambi\u00e9n se celebra el <strong>D\u00eda del Traumat\u00f3logo<\/strong>, disciplina clave en la detecci\u00f3n y abordaje quir\u00fargico de estos casos complejos.<\/p>\n\n\n\n<p><em>*Montevideo Portal<\/em><\/p>\n","protected":false},"excerpt":{"rendered":"<p>Cada a\u00f1o mueren en promedio 86 uruguayos por sarcoma, un c\u00e1ncer que afecta huesos y tejidos blandos. Con motivo del D\u00eda Internacional del Sarcoma, que<\/p>\n","protected":false},"author":1,"featured_media":1396,"comment_status":"open","ping_status":"open","sticky":false,"template":"","format":"standard","meta":{"advgb_blocks_editor_width":"","advgb_blocks_columns_visual_guide":"","footnotes":"","jetpack_publicize_message":"","jetpack_publicize_feature_enabled":false,"jetpack_social_post_already_shared":false,"jetpack_social_options":{"image_generator_settings":{"template":"highway","default_image_id":0,"enabled":false},"version":2}},"categories":[8],"tags":[],"class_list":["post-1395","post","type-post","status-publish","format-standard","has-post-thumbnail","hentry","category-salud-y-tecnologia"],"author_meta":{"display_name":"Portal","author_link":"https:\/\/portaldeyoung.uy\/index.php\/author\/admin_port\/"},"featured_img":"https:\/\/portaldeyoung.uy\/wp-content\/uploads\/2025\/07\/ASSE-300x195.jpg","jetpack_publicize_connections":[],"coauthors":[],"tax_additional":{"categories":{"linked":["<a href=\"https:\/\/portaldeyoung.uy\/index.php\/category\/salud-y-tecnologia\/\" class=\"advgb-post-tax-term\">Salud y tecnolog\u00eda<\/a>"],"unlinked":["<span class=\"advgb-post-tax-term\">Salud y tecnolog\u00eda<\/span>"]}},"comment_count":"0","relative_dates":{"created":"Publicado 10 meses hace","modified":"Actualizado 10 meses hace"},"absolute_dates":{"created":"Publicado el julio 15, 2025","modified":"Actualizado el julio 15, 2025"},"absolute_dates_time":{"created":"Publicado el julio 15, 2025 10:28 am","modified":"Actualizado el julio 15, 2025 10:28 am"},"featured_img_caption":"","series_order":"","_links":{"self":[{"href":"https:\/\/portaldeyoung.uy\/index.php\/wp-json\/wp\/v2\/posts\/1395","targetHints":{"allow":["GET"]}}],"collection":[{"href":"https:\/\/portaldeyoung.uy\/index.php\/wp-json\/wp\/v2\/posts"}],"about":[{"href":"https:\/\/portaldeyoung.uy\/index.php\/wp-json\/wp\/v2\/types\/post"}],"author":[{"embeddable":true,"href":"https:\/\/portaldeyoung.uy\/index.php\/wp-json\/wp\/v2\/users\/1"}],"replies":[{"embeddable":true,"href":"https:\/\/portaldeyoung.uy\/index.php\/wp-json\/wp\/v2\/comments?post=1395"}],"version-history":[{"count":1,"href":"https:\/\/portaldeyoung.uy\/index.php\/wp-json\/wp\/v2\/posts\/1395\/revisions"}],"predecessor-version":[{"id":1397,"href":"https:\/\/portaldeyoung.uy\/index.php\/wp-json\/wp\/v2\/posts\/1395\/revisions\/1397"}],"wp:featuredmedia":[{"embeddable":true,"href":"https:\/\/portaldeyoung.uy\/index.php\/wp-json\/wp\/v2\/media\/1396"}],"wp:attachment":[{"href":"https:\/\/portaldeyoung.uy\/index.php\/wp-json\/wp\/v2\/media?parent=1395"}],"wp:term":[{"taxonomy":"category","embeddable":true,"href":"https:\/\/portaldeyoung.uy\/index.php\/wp-json\/wp\/v2\/categories?post=1395"},{"taxonomy":"post_tag","embeddable":true,"href":"https:\/\/portaldeyoung.uy\/index.php\/wp-json\/wp\/v2\/tags?post=1395"}],"curies":[{"name":"wp","href":"https:\/\/api.w.org\/{rel}","templated":true}]}}