{"id":137,"date":"2025-06-10T02:54:45","date_gmt":"2025-06-10T02:54:45","guid":{"rendered":"https:\/\/portaldeyoung.uy\/?p=137"},"modified":"2025-06-10T02:56:04","modified_gmt":"2025-06-10T02:56:04","slug":"hombre-formalizado-por-tres-delitos-de-estafa-en-fray-bentos","status":"publish","type":"post","link":"https:\/\/portaldeyoung.uy\/index.php\/2025\/06\/10\/hombre-formalizado-por-tres-delitos-de-estafa-en-fray-bentos\/","title":{"rendered":"Hombre Formalizado por Tres Delitos de Estafa en Fray Bentos"},"content":{"rendered":"\n<p>En una operaci\u00f3n coordinada entre autoridades locales y otras jefaturas del pa\u00eds, ha sido detenido un individuo identificado como A.G.S.C, mayor de edad, acusado de cometer estafas en la ciudad de Fray Bentos, as\u00ed como en los departamentos de Soriano y Colonia.<\/p>\n\n\n\n<p>Los hechos se desencadenaron a partir de la denuncia de una vecina de Fray Bentos, quien report\u00f3 haber sido contactada telef\u00f3nicamente por un hombre que se hizo pasar por un familiar cercano. Bajo enga\u00f1o, la v\u00edctima entreg\u00f3 una suma considerable de dinero antes de percatarse de la estafa y denunciar el incidente.<\/p>\n\n\n\n<p>La investigaci\u00f3n policial incluy\u00f3 el an\u00e1lisis de registros f\u00edlmicos que corroboraron la presencia del individuo conduciendo un veh\u00edculo de alquiler. Como resultado, se procedi\u00f3 a su detenci\u00f3n, incautaci\u00f3n del autom\u00f3vil y decomiso de su tel\u00e9fono celular.<\/p>\n\n\n\n<p>Tras una audiencia en el Juzgado Letrado, A.G.S.C fue condenado como co-autor penalmente responsable por la comisi\u00f3n de tres delitos de estafa en reiteraci\u00f3n real. La sentencia impuesta es de doce meses de prisi\u00f3n, con posibilidad de cumplirla bajo la modalidad de libertad a prueba. Las condiciones incluyen residir en un lugar espec\u00edfico bajo supervisi\u00f3n de la DI.NA.MA, orientaci\u00f3n y vigilancia continua por parte de dicha oficina, presentaci\u00f3n semanal en la seccional policial correspondiente, y seis meses de arresto domiciliario total seguidos de seis meses de prisi\u00f3n domiciliaria nocturna, con trabajo comunitario obligatorio durante un mes, dos horas diarias.<\/p>\n\n\n\n<p><em>*Informaci\u00f3n de Jefatura de Polic\u00eda de R\u00edo Negro<\/em><\/p>\n","protected":false},"excerpt":{"rendered":"<p>En una operaci\u00f3n coordinada entre autoridades locales y otras jefaturas del pa\u00eds, ha sido detenido un individuo identificado como A.G.S.C, mayor de edad, acusado de<\/p>\n","protected":false},"author":1,"featured_media":138,"comment_status":"open","ping_status":"open","sticky":false,"template":"","format":"standard","meta":{"advgb_blocks_editor_width":"","advgb_blocks_columns_visual_guide":"","footnotes":"","jetpack_publicize_message":"","jetpack_publicize_feature_enabled":true,"jetpack_social_post_already_shared":true,"jetpack_social_options":{"image_generator_settings":{"template":"highway","default_image_id":0,"font":"","enabled":false},"version":2}},"categories":[6],"tags":[],"class_list":["post-137","post","type-post","status-publish","format-standard","has-post-thumbnail","hentry","category-del-departamento"],"author_meta":{"display_name":"Portal","author_link":"https:\/\/portaldeyoung.uy\/index.php\/author\/admin_port\/"},"featured_img":"https:\/\/portaldeyoung.uy\/wp-content\/uploads\/2025\/06\/estafas-300x171.png","jetpack_publicize_connections":[],"coauthors":[],"tax_additional":{"categories":{"linked":["<a href=\"https:\/\/portaldeyoung.uy\/index.php\/category\/del-departamento\/\" class=\"advgb-post-tax-term\">Del departamento<\/a>"],"unlinked":["<span class=\"advgb-post-tax-term\">Del departamento<\/span>"]}},"comment_count":"0","relative_dates":{"created":"Publicado 11 meses hace","modified":"Actualizado 11 meses hace"},"absolute_dates":{"created":"Publicado el junio 10, 2025","modified":"Actualizado el junio 10, 2025"},"absolute_dates_time":{"created":"Publicado el junio 10, 2025 2:54 am","modified":"Actualizado el junio 10, 2025 2:56 am"},"featured_img_caption":"","series_order":"","_links":{"self":[{"href":"https:\/\/portaldeyoung.uy\/index.php\/wp-json\/wp\/v2\/posts\/137","targetHints":{"allow":["GET"]}}],"collection":[{"href":"https:\/\/portaldeyoung.uy\/index.php\/wp-json\/wp\/v2\/posts"}],"about":[{"href":"https:\/\/portaldeyoung.uy\/index.php\/wp-json\/wp\/v2\/types\/post"}],"author":[{"embeddable":true,"href":"https:\/\/portaldeyoung.uy\/index.php\/wp-json\/wp\/v2\/users\/1"}],"replies":[{"embeddable":true,"href":"https:\/\/portaldeyoung.uy\/index.php\/wp-json\/wp\/v2\/comments?post=137"}],"version-history":[{"count":2,"href":"https:\/\/portaldeyoung.uy\/index.php\/wp-json\/wp\/v2\/posts\/137\/revisions"}],"predecessor-version":[{"id":140,"href":"https:\/\/portaldeyoung.uy\/index.php\/wp-json\/wp\/v2\/posts\/137\/revisions\/140"}],"wp:featuredmedia":[{"embeddable":true,"href":"https:\/\/portaldeyoung.uy\/index.php\/wp-json\/wp\/v2\/media\/138"}],"wp:attachment":[{"href":"https:\/\/portaldeyoung.uy\/index.php\/wp-json\/wp\/v2\/media?parent=137"}],"wp:term":[{"taxonomy":"category","embeddable":true,"href":"https:\/\/portaldeyoung.uy\/index.php\/wp-json\/wp\/v2\/categories?post=137"},{"taxonomy":"post_tag","embeddable":true,"href":"https:\/\/portaldeyoung.uy\/index.php\/wp-json\/wp\/v2\/tags?post=137"}],"curies":[{"name":"wp","href":"https:\/\/api.w.org\/{rel}","templated":true}]}}