{"id":129,"date":"2025-06-10T02:40:49","date_gmt":"2025-06-10T02:40:49","guid":{"rendered":"https:\/\/portaldeyoung.uy\/?p=129"},"modified":"2025-06-10T02:40:53","modified_gmt":"2025-06-10T02:40:53","slug":"partido-colorado-plantea-hacer-modificaciones-al-ciclo-electoral","status":"publish","type":"post","link":"https:\/\/portaldeyoung.uy\/index.php\/2025\/06\/10\/partido-colorado-plantea-hacer-modificaciones-al-ciclo-electoral\/","title":{"rendered":"Partido Colorado plantea hacer modificaciones al ciclo electoral"},"content":{"rendered":"\n<p>Proponen la conformaci\u00f3n de un \u00e1mbito multipartidario para lograr que el ciclo sea \u00abm\u00e1s \u00e1gil, racional y comprensible\u00bb.<\/p>\n\n\n\n<p>El Partido Colorado propone la conformaci\u00f3n de un \u00e1mbito multipartidario para evaluar posibles modificaciones al proceso electoral. El planteo fue realizado este lunes mediante conferencia de prensa en la cual participaron los legisladores Robert Silva y Felipe Schipani, tras culminar la sesi\u00f3n del Comit\u00e9 Ejecutivo Nacional (CEN).<\/p>\n\n\n\n<p>Silva explic\u00f3 que la resoluci\u00f3n fue tomada por unanimidad y que adem\u00e1s se resolvi\u00f3 encomend\u00f3 al secretario general colorado, el senador Andr\u00e9s Ojeda, a que inicie los contactos con los dem\u00e1s partidos pol\u00edticos con representaci\u00f3n parlamentaria para invitarlos a participar en la \u00e1mbito planteado.<\/p>\n\n\n\n<p>Schipani coment\u00f3 que se trata de \u00abuna convocatoria abierta\u00bb para intercambiar opiniones, cosa que se ve favorecida porque reci\u00e9n culmin\u00f3 un per\u00edodo electoral y se se est\u00e1 lejos del pr\u00f3ximo. Teniendo en cuenta, adem\u00e1s, que parece haber cierto consenso en que el proceso \u00abse ha vuelto muy extenso\u00bb y eso pudo percibirse en la reciente campa\u00f1a, que comenz\u00f3 a fines de 2023 y culmin\u00f3 en mayo de 2025, dijo.<\/p>\n\n\n\n<p>Asimismo, se dio a conocer un comunicado se\u00f1ala que \u201cel tiempo transcurrido desde la reforma constitucional de 1997 justifica una revisi\u00f3n serena y responsable de algunas de sus disposiciones, especialmente en lo que refiere al extenso y fragmentado calendario electoral\u201d.<\/p>\n\n\n\n<p>\u201cLa sucesi\u00f3n de elecciones en cortos per\u00edodos de tiempo puede generar desgaste, fatiga c\u00edvica y un progresivo alejamiento de la ciudadan\u00eda respecto a los asuntos p\u00fablicos\u201d. All\u00ed se se\u00f1ala que se podr\u00edan hacer \u201cajustes\u201d al ciclo electoral \u201cque hagan al proceso m\u00e1s \u00e1gil, racional y comprensible para la ciudadan\u00eda\u201d, agrega.<\/p>\n\n\n\n<p>En la conferencia, ambos legisladores recordaron que en caso de modificar el per\u00edodo electoral deber\u00eda hacerse mediante una reforma constitucional deber\u00e1 necesariamente debe ser refrendada por la ciudadan\u00eda a trav\u00e9s de un plebiscito, por lo cual es de suma importancia alcanzar ciertos consensos entre los distintos partidos.<\/p>\n","protected":false},"excerpt":{"rendered":"<p>Proponen la conformaci\u00f3n de un \u00e1mbito multipartidario para lograr que el ciclo sea \u00abm\u00e1s \u00e1gil, racional y comprensible\u00bb. El Partido Colorado propone la conformaci\u00f3n de<\/p>\n","protected":false},"author":1,"featured_media":130,"comment_status":"open","ping_status":"open","sticky":false,"template":"","format":"standard","meta":{"advgb_blocks_editor_width":"","advgb_blocks_columns_visual_guide":"","footnotes":"","jetpack_publicize_message":"","jetpack_publicize_feature_enabled":true,"jetpack_social_post_already_shared":true,"jetpack_social_options":{"image_generator_settings":{"template":"highway","default_image_id":0,"font":"","enabled":false},"version":2}},"categories":[7],"tags":[],"class_list":["post-129","post","type-post","status-publish","format-standard","has-post-thumbnail","hentry","category-del-pais"],"author_meta":{"display_name":"Portal","author_link":"https:\/\/portaldeyoung.uy\/index.php\/author\/admin_port\/"},"featured_img":"https:\/\/portaldeyoung.uy\/wp-content\/uploads\/2025\/06\/colorados-300x200.jpg","jetpack_publicize_connections":[],"coauthors":[],"tax_additional":{"categories":{"linked":["<a href=\"https:\/\/portaldeyoung.uy\/index.php\/category\/del-pais\/\" class=\"advgb-post-tax-term\">Del pa\u00eds<\/a>"],"unlinked":["<span class=\"advgb-post-tax-term\">Del pa\u00eds<\/span>"]}},"comment_count":"0","relative_dates":{"created":"Publicado 11 meses hace","modified":"Actualizado 11 meses hace"},"absolute_dates":{"created":"Publicado el junio 10, 2025","modified":"Actualizado el junio 10, 2025"},"absolute_dates_time":{"created":"Publicado el junio 10, 2025 2:40 am","modified":"Actualizado el junio 10, 2025 2:40 am"},"featured_img_caption":"","series_order":"","_links":{"self":[{"href":"https:\/\/portaldeyoung.uy\/index.php\/wp-json\/wp\/v2\/posts\/129","targetHints":{"allow":["GET"]}}],"collection":[{"href":"https:\/\/portaldeyoung.uy\/index.php\/wp-json\/wp\/v2\/posts"}],"about":[{"href":"https:\/\/portaldeyoung.uy\/index.php\/wp-json\/wp\/v2\/types\/post"}],"author":[{"embeddable":true,"href":"https:\/\/portaldeyoung.uy\/index.php\/wp-json\/wp\/v2\/users\/1"}],"replies":[{"embeddable":true,"href":"https:\/\/portaldeyoung.uy\/index.php\/wp-json\/wp\/v2\/comments?post=129"}],"version-history":[{"count":1,"href":"https:\/\/portaldeyoung.uy\/index.php\/wp-json\/wp\/v2\/posts\/129\/revisions"}],"predecessor-version":[{"id":131,"href":"https:\/\/portaldeyoung.uy\/index.php\/wp-json\/wp\/v2\/posts\/129\/revisions\/131"}],"wp:featuredmedia":[{"embeddable":true,"href":"https:\/\/portaldeyoung.uy\/index.php\/wp-json\/wp\/v2\/media\/130"}],"wp:attachment":[{"href":"https:\/\/portaldeyoung.uy\/index.php\/wp-json\/wp\/v2\/media?parent=129"}],"wp:term":[{"taxonomy":"category","embeddable":true,"href":"https:\/\/portaldeyoung.uy\/index.php\/wp-json\/wp\/v2\/categories?post=129"},{"taxonomy":"post_tag","embeddable":true,"href":"https:\/\/portaldeyoung.uy\/index.php\/wp-json\/wp\/v2\/tags?post=129"}],"curies":[{"name":"wp","href":"https:\/\/api.w.org\/{rel}","templated":true}]}}