{"id":1275,"date":"2025-07-10T10:19:04","date_gmt":"2025-07-10T10:19:04","guid":{"rendered":"https:\/\/portaldeyoung.uy\/?p=1275"},"modified":"2025-07-10T10:19:07","modified_gmt":"2025-07-10T10:19:07","slug":"maria-beatriz-marita-martinez-presidira-la-junta-departamental","status":"publish","type":"post","link":"https:\/\/portaldeyoung.uy\/index.php\/2025\/07\/10\/maria-beatriz-marita-martinez-presidira-la-junta-departamental\/","title":{"rendered":"Mar\u00eda Beatriz \u00abMarita\u00bb Mart\u00ednez presidir\u00e1 la Junta Departamental"},"content":{"rendered":"\n<p>En el marco de la asunci\u00f3n de las nuevas autoridades en el departamento de R\u00edo Negro, asumen tambi\u00e9n los 31 ediles para estos cinco a\u00f1os que tendr\u00e1n como presidenta este primer a\u00f1o a Mar\u00eda Beatriz \u00abMarita\u00bb Mart\u00ednez.<\/p>\n\n\n\n<p>La edil del Partido Socialista ser\u00e1 la primera frenteamplista que asumir\u00e1 en esta legislatura y tendr\u00e1 nada m\u00e1s y nada menos que dirigir en el a\u00f1o que se aprueba el presupuesto departamental. Ella ya ven\u00eda actuando como edil en esta legislatura y ahora asume el cargo con responsabilidad que corresponde.<\/p>\n\n\n\n<p>La primera vicepresidencia corresponde al Partido Nacional y la ejercer\u00e1 Marcelo Casaretto, mientras que Lila Tiscornia ser\u00e1 la segunda vicepresidenta.<\/p>\n\n\n\n<p>Los coordinadores de bancadas en este primer a\u00f1o ser\u00e1n Karina S\u00e1nchez del Frente Amplio, Matias Rodriguez del Partido Nacional y Cristian Rosas del Partido Colorado.<\/p>\n\n\n\n<p><em>*R\u00edo Negro Ahora<\/em><\/p>\n","protected":false},"excerpt":{"rendered":"<p>En el marco de la asunci\u00f3n de las nuevas autoridades en el departamento de R\u00edo Negro, asumen tambi\u00e9n los 31 ediles para estos cinco a\u00f1os<\/p>\n","protected":false},"author":1,"featured_media":1276,"comment_status":"open","ping_status":"open","sticky":false,"template":"","format":"standard","meta":{"advgb_blocks_editor_width":"","advgb_blocks_columns_visual_guide":"","footnotes":"","jetpack_publicize_message":"","jetpack_publicize_feature_enabled":true,"jetpack_social_post_already_shared":true,"jetpack_social_options":{"image_generator_settings":{"template":"highway","default_image_id":0,"font":"","enabled":false},"version":2}},"categories":[6],"tags":[],"class_list":["post-1275","post","type-post","status-publish","format-standard","has-post-thumbnail","hentry","category-del-departamento"],"author_meta":{"display_name":"Portal","author_link":"https:\/\/portaldeyoung.uy\/index.php\/author\/admin_port\/"},"featured_img":"https:\/\/portaldeyoung.uy\/wp-content\/uploads\/2025\/07\/Marita-Martinez-300x167.png","jetpack_publicize_connections":[],"coauthors":[],"tax_additional":{"categories":{"linked":["<a href=\"https:\/\/portaldeyoung.uy\/index.php\/category\/del-departamento\/\" class=\"advgb-post-tax-term\">Del departamento<\/a>"],"unlinked":["<span class=\"advgb-post-tax-term\">Del departamento<\/span>"]}},"comment_count":"0","relative_dates":{"created":"Publicado 10 meses hace","modified":"Actualizado 10 meses hace"},"absolute_dates":{"created":"Publicado el julio 10, 2025","modified":"Actualizado el julio 10, 2025"},"absolute_dates_time":{"created":"Publicado el julio 10, 2025 10:19 am","modified":"Actualizado el julio 10, 2025 10:19 am"},"featured_img_caption":"","series_order":"","_links":{"self":[{"href":"https:\/\/portaldeyoung.uy\/index.php\/wp-json\/wp\/v2\/posts\/1275","targetHints":{"allow":["GET"]}}],"collection":[{"href":"https:\/\/portaldeyoung.uy\/index.php\/wp-json\/wp\/v2\/posts"}],"about":[{"href":"https:\/\/portaldeyoung.uy\/index.php\/wp-json\/wp\/v2\/types\/post"}],"author":[{"embeddable":true,"href":"https:\/\/portaldeyoung.uy\/index.php\/wp-json\/wp\/v2\/users\/1"}],"replies":[{"embeddable":true,"href":"https:\/\/portaldeyoung.uy\/index.php\/wp-json\/wp\/v2\/comments?post=1275"}],"version-history":[{"count":1,"href":"https:\/\/portaldeyoung.uy\/index.php\/wp-json\/wp\/v2\/posts\/1275\/revisions"}],"predecessor-version":[{"id":1277,"href":"https:\/\/portaldeyoung.uy\/index.php\/wp-json\/wp\/v2\/posts\/1275\/revisions\/1277"}],"wp:featuredmedia":[{"embeddable":true,"href":"https:\/\/portaldeyoung.uy\/index.php\/wp-json\/wp\/v2\/media\/1276"}],"wp:attachment":[{"href":"https:\/\/portaldeyoung.uy\/index.php\/wp-json\/wp\/v2\/media?parent=1275"}],"wp:term":[{"taxonomy":"category","embeddable":true,"href":"https:\/\/portaldeyoung.uy\/index.php\/wp-json\/wp\/v2\/categories?post=1275"},{"taxonomy":"post_tag","embeddable":true,"href":"https:\/\/portaldeyoung.uy\/index.php\/wp-json\/wp\/v2\/tags?post=1275"}],"curies":[{"name":"wp","href":"https:\/\/api.w.org\/{rel}","templated":true}]}}