{"id":1252,"date":"2025-07-09T18:50:39","date_gmt":"2025-07-09T18:50:39","guid":{"rendered":"https:\/\/portaldeyoung.uy\/?p=1252"},"modified":"2025-07-09T18:50:41","modified_gmt":"2025-07-09T18:50:41","slug":"se-firmaron-los-contratos-de-comodato-por-viviendas-del-plan-avanzar","status":"publish","type":"post","link":"https:\/\/portaldeyoung.uy\/index.php\/2025\/07\/09\/se-firmaron-los-contratos-de-comodato-por-viviendas-del-plan-avanzar\/","title":{"rendered":"Se firmaron los contratos de comodato por viviendas del Plan Avanzar"},"content":{"rendered":"\n<p>Autoridades departamentales y familias beneficiarias participaron de la instancia desarrollada en el Centro Socio Cultural.<\/p>\n\n\n\n<p>La actividad cont\u00f3 con la presencia del Intendente Fabricio Tiscornia; el subdirector de Vivienda, Arq. Alejandro Bordoli y la Esc. Bel\u00e9n Sauleda.<\/p>\n\n\n\n<p>En la oportunidad, se les explic\u00f3 a los presentes el alcance legal del comodato, as\u00ed como las condiciones necesarias para mantener el beneficio de las viviendas otorgadas a trav\u00e9s del plan. Este paso consolida el proceso de adjudicaci\u00f3n y reafirma el compromiso conjunto de las autoridades y los beneficiarios en el acceso justo a la vivienda.<\/p>\n\n\n\n<figure class=\"wp-block-image size-large\"><img loading=\"lazy\" decoding=\"async\" width=\"1024\" height=\"576\" src=\"https:\/\/portaldeyoung.uy\/wp-content\/uploads\/2025\/07\/comodato-plan-avanzar-1024x576.jpg\" alt=\"\" class=\"wp-image-1254\" srcset=\"https:\/\/portaldeyoung.uy\/wp-content\/uploads\/2025\/07\/comodato-plan-avanzar-1024x576.jpg 1024w, https:\/\/portaldeyoung.uy\/wp-content\/uploads\/2025\/07\/comodato-plan-avanzar-300x169.jpg 300w, https:\/\/portaldeyoung.uy\/wp-content\/uploads\/2025\/07\/comodato-plan-avanzar-768x432.jpg 768w, https:\/\/portaldeyoung.uy\/wp-content\/uploads\/2025\/07\/comodato-plan-avanzar-1536x864.jpg 1536w, https:\/\/portaldeyoung.uy\/wp-content\/uploads\/2025\/07\/comodato-plan-avanzar.jpg 1600w\" sizes=\"auto, (max-width: 1024px) 100vw, 1024px\" \/><\/figure>\n","protected":false},"excerpt":{"rendered":"<p>Autoridades departamentales y familias beneficiarias participaron de la instancia desarrollada en el Centro Socio Cultural. La actividad cont\u00f3 con la presencia del Intendente Fabricio Tiscornia;<\/p>\n","protected":false},"author":1,"featured_media":1253,"comment_status":"open","ping_status":"open","sticky":false,"template":"","format":"standard","meta":{"advgb_blocks_editor_width":"","advgb_blocks_columns_visual_guide":"","footnotes":"","jetpack_publicize_message":"","jetpack_publicize_feature_enabled":true,"jetpack_social_post_already_shared":true,"jetpack_social_options":{"image_generator_settings":{"template":"highway","default_image_id":0,"font":"","enabled":false},"version":2}},"categories":[4],"tags":[],"class_list":["post-1252","post","type-post","status-publish","format-standard","has-post-thumbnail","hentry","category-de-aca"],"author_meta":{"display_name":"Portal","author_link":"https:\/\/portaldeyoung.uy\/index.php\/author\/admin_port\/"},"featured_img":"https:\/\/portaldeyoung.uy\/wp-content\/uploads\/2025\/07\/comodato-plan-avanzar-2-300x169.jpg","jetpack_publicize_connections":[],"coauthors":[],"tax_additional":{"categories":{"linked":["<a href=\"https:\/\/portaldeyoung.uy\/index.php\/category\/de-aca\/\" class=\"advgb-post-tax-term\">De ac\u00e1<\/a>"],"unlinked":["<span class=\"advgb-post-tax-term\">De ac\u00e1<\/span>"]}},"comment_count":"0","relative_dates":{"created":"Publicado 10 meses hace","modified":"Actualizado 10 meses hace"},"absolute_dates":{"created":"Publicado el julio 9, 2025","modified":"Actualizado el julio 9, 2025"},"absolute_dates_time":{"created":"Publicado el julio 9, 2025 6:50 pm","modified":"Actualizado el julio 9, 2025 6:50 pm"},"featured_img_caption":"","series_order":"","_links":{"self":[{"href":"https:\/\/portaldeyoung.uy\/index.php\/wp-json\/wp\/v2\/posts\/1252","targetHints":{"allow":["GET"]}}],"collection":[{"href":"https:\/\/portaldeyoung.uy\/index.php\/wp-json\/wp\/v2\/posts"}],"about":[{"href":"https:\/\/portaldeyoung.uy\/index.php\/wp-json\/wp\/v2\/types\/post"}],"author":[{"embeddable":true,"href":"https:\/\/portaldeyoung.uy\/index.php\/wp-json\/wp\/v2\/users\/1"}],"replies":[{"embeddable":true,"href":"https:\/\/portaldeyoung.uy\/index.php\/wp-json\/wp\/v2\/comments?post=1252"}],"version-history":[{"count":1,"href":"https:\/\/portaldeyoung.uy\/index.php\/wp-json\/wp\/v2\/posts\/1252\/revisions"}],"predecessor-version":[{"id":1255,"href":"https:\/\/portaldeyoung.uy\/index.php\/wp-json\/wp\/v2\/posts\/1252\/revisions\/1255"}],"wp:featuredmedia":[{"embeddable":true,"href":"https:\/\/portaldeyoung.uy\/index.php\/wp-json\/wp\/v2\/media\/1253"}],"wp:attachment":[{"href":"https:\/\/portaldeyoung.uy\/index.php\/wp-json\/wp\/v2\/media?parent=1252"}],"wp:term":[{"taxonomy":"category","embeddable":true,"href":"https:\/\/portaldeyoung.uy\/index.php\/wp-json\/wp\/v2\/categories?post=1252"},{"taxonomy":"post_tag","embeddable":true,"href":"https:\/\/portaldeyoung.uy\/index.php\/wp-json\/wp\/v2\/tags?post=1252"}],"curies":[{"name":"wp","href":"https:\/\/api.w.org\/{rel}","templated":true}]}}