{"id":1079,"date":"2025-07-04T10:58:04","date_gmt":"2025-07-04T10:58:04","guid":{"rendered":"https:\/\/portaldeyoung.uy\/?p=1079"},"modified":"2025-07-04T11:36:40","modified_gmt":"2025-07-04T11:36:40","slug":"fray-bentos-monotributistas-manifestaron-preocupacion-por-decisiones-del-nuevo-intendente","status":"publish","type":"post","link":"https:\/\/portaldeyoung.uy\/index.php\/2025\/07\/04\/fray-bentos-monotributistas-manifestaron-preocupacion-por-decisiones-del-nuevo-intendente\/","title":{"rendered":"Fray Bentos: Monotributistas manifestaron preocupaci\u00f3n por decisiones del nuevo Intendente"},"content":{"rendered":"\n<p>Hay un grupo de monotributistas que se est\u00e1n movilizando teniendo en cuenta el anuncio del intendente electo Guillermo Levratto ya que confirm\u00f3 que se analizar\u00e1n los casos, y reclaman que haya contemplaci\u00f3n en este aspecto y que \u201csi va a dejar algunos que deje todos\u201d es el principal planteo.<\/p>\n\n\n\n<p>Ambar Rosales que aclar\u00f3 que no es monotributista consider\u00f3 que en el grupo \u201cest\u00e1n atados de pie y manos\u00bb y llam\u00f3 a todos a movilizarse \u201ces para todos\u201d. \u201cPedimos que se unan en la causa, que no tengan verg\u00fcenza\u201d.<\/p>\n\n\n\n<p>Sergio Santana indic\u00f3 que \u201chace 2 a\u00f1os y medio que est\u00e1 en la intendencia\u201d y consider\u00f3 que \u201chay un poco de equivocaci\u00f3n en Levratto\u201d al plantear que si hay una persona que ya trabaja en la casa, no es justo que se cese al monotributista. \u201cYo necesito comprar lo m\u00edo. Yo vivo con mi hermana y tengo que colaborar con ella en la casa\u201d. \u201cPrimero tendr\u00eda que evaluar a todos, hay monotributistas que no tienen<\/p>\n\n\n\n<p>una falta hace 2 a\u00f1os\u201d. \u201cNecesitamos que si va a dejar algunos deje a todos\u201d remarc\u00f3.<\/p>\n\n\n\n<p>Seg\u00fan el informe que posee Levratto hay en la comuna 240, cuando en 2024 hab\u00eda 39. Cada uno percibe 23.700 pesos por 7 horas y media de tareas de lunes a s\u00e1bado.<\/p>\n\n\n\n<p><em>*R\u00edo Negro Ahora<\/em><\/p>\n","protected":false},"excerpt":{"rendered":"<p>Hay un grupo de monotributistas que se est\u00e1n movilizando teniendo en cuenta el anuncio del intendente electo Guillermo Levratto ya que confirm\u00f3 que se analizar\u00e1n<\/p>\n","protected":false},"author":1,"featured_media":1080,"comment_status":"open","ping_status":"open","sticky":false,"template":"","format":"standard","meta":{"advgb_blocks_editor_width":"","advgb_blocks_columns_visual_guide":"","footnotes":"","jetpack_publicize_message":"","jetpack_publicize_feature_enabled":true,"jetpack_social_post_already_shared":true,"jetpack_social_options":{"image_generator_settings":{"template":"highway","default_image_id":0,"font":"","enabled":false},"version":2}},"categories":[6],"tags":[],"class_list":["post-1079","post","type-post","status-publish","format-standard","has-post-thumbnail","hentry","category-del-departamento"],"author_meta":{"display_name":"Portal","author_link":"https:\/\/portaldeyoung.uy\/index.php\/author\/admin_port\/"},"featured_img":"https:\/\/portaldeyoung.uy\/wp-content\/uploads\/2025\/07\/monotributistas-300x180.png","jetpack_publicize_connections":[],"coauthors":[],"tax_additional":{"categories":{"linked":["<a href=\"https:\/\/portaldeyoung.uy\/index.php\/category\/del-departamento\/\" class=\"advgb-post-tax-term\">Del departamento<\/a>"],"unlinked":["<span class=\"advgb-post-tax-term\">Del departamento<\/span>"]}},"comment_count":"0","relative_dates":{"created":"Publicado 10 meses hace","modified":"Actualizado 10 meses hace"},"absolute_dates":{"created":"Publicado el julio 4, 2025","modified":"Actualizado el julio 4, 2025"},"absolute_dates_time":{"created":"Publicado el julio 4, 2025 10:58 am","modified":"Actualizado el julio 4, 2025 11:36 am"},"featured_img_caption":"","series_order":"","_links":{"self":[{"href":"https:\/\/portaldeyoung.uy\/index.php\/wp-json\/wp\/v2\/posts\/1079","targetHints":{"allow":["GET"]}}],"collection":[{"href":"https:\/\/portaldeyoung.uy\/index.php\/wp-json\/wp\/v2\/posts"}],"about":[{"href":"https:\/\/portaldeyoung.uy\/index.php\/wp-json\/wp\/v2\/types\/post"}],"author":[{"embeddable":true,"href":"https:\/\/portaldeyoung.uy\/index.php\/wp-json\/wp\/v2\/users\/1"}],"replies":[{"embeddable":true,"href":"https:\/\/portaldeyoung.uy\/index.php\/wp-json\/wp\/v2\/comments?post=1079"}],"version-history":[{"count":1,"href":"https:\/\/portaldeyoung.uy\/index.php\/wp-json\/wp\/v2\/posts\/1079\/revisions"}],"predecessor-version":[{"id":1081,"href":"https:\/\/portaldeyoung.uy\/index.php\/wp-json\/wp\/v2\/posts\/1079\/revisions\/1081"}],"wp:featuredmedia":[{"embeddable":true,"href":"https:\/\/portaldeyoung.uy\/index.php\/wp-json\/wp\/v2\/media\/1080"}],"wp:attachment":[{"href":"https:\/\/portaldeyoung.uy\/index.php\/wp-json\/wp\/v2\/media?parent=1079"}],"wp:term":[{"taxonomy":"category","embeddable":true,"href":"https:\/\/portaldeyoung.uy\/index.php\/wp-json\/wp\/v2\/categories?post=1079"},{"taxonomy":"post_tag","embeddable":true,"href":"https:\/\/portaldeyoung.uy\/index.php\/wp-json\/wp\/v2\/tags?post=1079"}],"curies":[{"name":"wp","href":"https:\/\/api.w.org\/{rel}","templated":true}]}}