{"id":10462,"date":"2026-04-30T13:48:09","date_gmt":"2026-04-30T16:48:09","guid":{"rendered":"https:\/\/portaldeyoung.uy\/?p=10462"},"modified":"2026-04-30T14:10:58","modified_gmt":"2026-04-30T17:10:58","slug":"se-avanzara-en-estudio-de-movilidad-urbana-denominado-young-encrucijada-de-caminos","status":"publish","type":"post","link":"https:\/\/portaldeyoung.uy\/index.php\/2026\/04\/30\/se-avanzara-en-estudio-de-movilidad-urbana-denominado-young-encrucijada-de-caminos\/","title":{"rendered":"Se avanzar\u00e1 en estudio de movilidad urbana denominado \u00abYoung encrucijada de caminos\u00bb"},"content":{"rendered":"\n<p>Ayer mi\u00e9rcoles se llev\u00f3 a cabo la Audiencia P\u00fablica del Concejo Municipal de Young en el Teatro Atenas, instancia en la que se expusieron proyectos y lineamientos de gesti\u00f3n ante la comunidad.<\/p>\n\n\n\n<p>Durante la jornada, la alcaldesa Cecilia Rodr\u00edguez present\u00f3 el proyecto denominado <em>\u201cYoung encrucijada de caminos\u201d<\/em>, iniciativa que apunta a la realizaci\u00f3n de un estudio de movilidad urbana en la ciudad. Seg\u00fan explic\u00f3, la propuesta surge a partir de planteos de vecinos preocupados por la circulaci\u00f3n vehicular.<\/p>\n\n\n\n<p>En ese marco, se prev\u00e9 la asignaci\u00f3n de recursos para la contrataci\u00f3n de un ingeniero vial que permita elaborar un diagn\u00f3stico t\u00e9cnico del tr\u00e1nsito, identificar puntos cr\u00edticos y proponer soluciones. Entre las zonas mencionadas se encuentran las intersecciones de 18 de Julio y Oribe, as\u00ed como la problem\u00e1tica vinculada al tr\u00e1nsito pesado. Las posibles medidas a evaluar incluyen la instalaci\u00f3n de sem\u00e1foros y la se\u00f1alizaci\u00f3n horizontal mediante sendas peatonales.<\/p>\n\n\n\n<p>Rodr\u00edguez indic\u00f3 que el proyecto fue aprobado por mayor\u00eda en el Concejo Municipal, se\u00f1alando que un concejal no acompa\u00f1\u00f3 la iniciativa con su voto.<\/p>\n\n\n\n<p>Por otra parte, la alcaldesa present\u00f3 las principales l\u00edneas de acci\u00f3n previstas para 2026, entre las que se destacan la bituminizaci\u00f3n del Camino de Tropas al norte de la ciudad, la generaci\u00f3n de un espacio destinado a artesanos y obras de drenaje en barrios cooperativos, entre otras obras previstas.<\/p>\n\n\n\n<p>Asimismo, se hizo referencia a la continuidad de eventos impulsados por el Municipio, como \u201cYoung Modo Verano\u201d, el festival de cumbias y \u201cYoung en Rock\u201d.<\/p>\n\n\n\n<p>Recordamos que el Plan Operativo Anual de los Municipios, en nuestro pa\u00eds, se financia con fondos provenientes del Gobierno Nacional a trav\u00e9s de la Oficina de Planeamiento y Presupuesto, adem\u00e1s de aportes de distintos organismos en el marco de convocatorias espec\u00edficas para diversas \u00e1reas.<\/p>\n\n\n\n<figure class=\"wp-block-image size-large\"><img loading=\"lazy\" decoding=\"async\" width=\"1024\" height=\"482\" src=\"https:\/\/portaldeyoung.uy\/wp-content\/uploads\/2026\/04\/audiencia-publica-teatro-atenas-1-1024x482.jpeg\" alt=\"\" class=\"wp-image-10477\" srcset=\"https:\/\/portaldeyoung.uy\/wp-content\/uploads\/2026\/04\/audiencia-publica-teatro-atenas-1-1024x482.jpeg 1024w, https:\/\/portaldeyoung.uy\/wp-content\/uploads\/2026\/04\/audiencia-publica-teatro-atenas-1-300x141.jpeg 300w, https:\/\/portaldeyoung.uy\/wp-content\/uploads\/2026\/04\/audiencia-publica-teatro-atenas-1-768x361.jpeg 768w, https:\/\/portaldeyoung.uy\/wp-content\/uploads\/2026\/04\/audiencia-publica-teatro-atenas-1-1536x723.jpeg 1536w, https:\/\/portaldeyoung.uy\/wp-content\/uploads\/2026\/04\/audiencia-publica-teatro-atenas-1.jpeg 1594w\" sizes=\"auto, (max-width: 1024px) 100vw, 1024px\" \/><\/figure>\n\n\n\n<p>La alcaldesa Cecilia Rodr\u00edguez, quien present\u00f3 la rendici\u00f3n de cuentas y describi\u00f3 la situaci\u00f3n en la que se encontraba el municipio al momento de asumir en julio. En ese sentido, indic\u00f3 que el nivel de ejecuci\u00f3n del presupuesto previsto en el POA 2025 era reducido, lo que motiv\u00f3 una reorientaci\u00f3n de los recursos hacia iniciativas consideradas prioritarias. Entre ellas, mencion\u00f3 la intervenci\u00f3n en el edificio municipal ubicado en la zona c\u00e9ntrica, con el prop\u00f3sito de poner en valor ese espacio.<\/p>\n\n\n\n<p>Rodr\u00edguez tambi\u00e9n inform\u00f3 sobre gestiones realizadas para concretar la instalaci\u00f3n de un ascensor en el edificio, subrayando la importancia de mejorar las condiciones de accesibilidad. En ese marco, remarc\u00f3 adem\u00e1s la necesidad de cumplir con la ejecuci\u00f3n presupuestal en los plazos establecidos.<\/p>\n\n\n\n<p>En cuanto a otros anuncios, adelant\u00f3 que el municipio incorporar\u00e1 pr\u00f3ximamente un veh\u00edculo de tipo remisse, adquirido mediante un proceso de licitaci\u00f3n compartido con Nuevo Berl\u00edn. Asimismo, confirm\u00f3 la continuidad  de programas que han tenido desarrollo en el \u00e1mbito de los presupuestos participativos y productivos. <\/p>\n\n\n\n<p>Respecto a los espacios p\u00fablicos, se\u00f1al\u00f3 que los propietarios del terreno donde funcionaba la plaza ubicada en la intersecci\u00f3n de Oribe y Timb\u00f3 solicitaron la finalizaci\u00f3n del acuerdo existente para recuperar el predio, planteo que fue aceptado por el Gobierno Departamental. Si bien no se profundiz\u00f3 en los detalles del convenio, se inform\u00f3 que el mismo culmin\u00f3, y que en las cercan\u00edas se proyecta acondicionar un nuevo espacio recreativo infantil con fondos correspondientes al presente ejercicio.<\/p>\n\n\n\n<p>En otro orden, anunci\u00f3 intervenciones en materia de iluminaci\u00f3n en sectores vinculados al tr\u00e1nsito pesado en la zona norte de la ciudad, y brind\u00f3 informaci\u00f3n sobre la estructura funcional del municipio, as\u00ed como los desaf\u00edos asociados a la incorporaci\u00f3n de nuevas \u00e1reas de gesti\u00f3n.<\/p>\n\n\n\n<p>La audiencia incluy\u00f3 un tramo de intercambio con los asistentes, donde se plantearon consultas \u2014principalmente por parte de representantes de la oposici\u00f3n y de la exalcaldesa Long\u2014 que fueron respondidas por Rodr\u00edguez, en un clima de participaci\u00f3n que cont\u00f3 con manifestaciones de apoyo desde el p\u00fablico presente.<\/p>\n\n\n\n<p>Por su parte, el intendente Levratto adelant\u00f3  que se analiza la posibilidad de avanzar en la construcci\u00f3n de un bypass que permita vincular el sur de la ruta 3 con el este de la ruta 25.<\/p>\n\n\n\n<p><em>*Cobertura Guillermo Centuri\u00f3n<\/em> <em>para el Portal de Young<\/em><\/p>\n","protected":false},"excerpt":{"rendered":"<p>Ayer mi\u00e9rcoles se llev\u00f3 a cabo la Audiencia P\u00fablica del Concejo Municipal de Young en el Teatro Atenas, instancia en la que se expusieron proyectos<\/p>\n","protected":false},"author":1,"featured_media":10463,"comment_status":"closed","ping_status":"open","sticky":false,"template":"","format":"standard","meta":{"advgb_blocks_editor_width":"","advgb_blocks_columns_visual_guide":"","footnotes":"","jetpack_publicize_message":"Seg\u00fan explic\u00f3, la propuesta surge a partir de planteos de vecinos preocupados por la circulaci\u00f3n vehicular...Lee la nota completa\ud83d\udc47","jetpack_publicize_feature_enabled":true,"jetpack_social_post_already_shared":false,"jetpack_social_options":{"image_generator_settings":{"template":"highway","default_image_id":0,"font":"","enabled":false},"version":2}},"categories":[1],"tags":[],"class_list":["post-10462","post","type-post","status-publish","format-standard","has-post-thumbnail","hentry","category-portada"],"author_meta":{"display_name":"Portal","author_link":"https:\/\/portaldeyoung.uy\/index.php\/author\/admin_port\/"},"featured_img":"https:\/\/portaldeyoung.uy\/wp-content\/uploads\/2026\/04\/Audiencia-publica-Municipio-300x200.png","jetpack_publicize_connections":[],"coauthors":[],"tax_additional":{"categories":{"linked":["<a href=\"https:\/\/portaldeyoung.uy\/index.php\/category\/portada\/\" class=\"advgb-post-tax-term\">Portada<\/a>"],"unlinked":["<span class=\"advgb-post-tax-term\">Portada<\/span>"]}},"comment_count":"0","relative_dates":{"created":"Publicado 8 horas hace","modified":"Actualizado 7 horas hace"},"absolute_dates":{"created":"Publicado el abril 30, 2026","modified":"Actualizado el abril 30, 2026"},"absolute_dates_time":{"created":"Publicado el abril 30, 2026 1:48 pm","modified":"Actualizado el abril 30, 2026 2:10 pm"},"featured_img_caption":"","series_order":"","_links":{"self":[{"href":"https:\/\/portaldeyoung.uy\/index.php\/wp-json\/wp\/v2\/posts\/10462","targetHints":{"allow":["GET"]}}],"collection":[{"href":"https:\/\/portaldeyoung.uy\/index.php\/wp-json\/wp\/v2\/posts"}],"about":[{"href":"https:\/\/portaldeyoung.uy\/index.php\/wp-json\/wp\/v2\/types\/post"}],"author":[{"embeddable":true,"href":"https:\/\/portaldeyoung.uy\/index.php\/wp-json\/wp\/v2\/users\/1"}],"replies":[{"embeddable":true,"href":"https:\/\/portaldeyoung.uy\/index.php\/wp-json\/wp\/v2\/comments?post=10462"}],"version-history":[{"count":11,"href":"https:\/\/portaldeyoung.uy\/index.php\/wp-json\/wp\/v2\/posts\/10462\/revisions"}],"predecessor-version":[{"id":10479,"href":"https:\/\/portaldeyoung.uy\/index.php\/wp-json\/wp\/v2\/posts\/10462\/revisions\/10479"}],"wp:featuredmedia":[{"embeddable":true,"href":"https:\/\/portaldeyoung.uy\/index.php\/wp-json\/wp\/v2\/media\/10463"}],"wp:attachment":[{"href":"https:\/\/portaldeyoung.uy\/index.php\/wp-json\/wp\/v2\/media?parent=10462"}],"wp:term":[{"taxonomy":"category","embeddable":true,"href":"https:\/\/portaldeyoung.uy\/index.php\/wp-json\/wp\/v2\/categories?post=10462"},{"taxonomy":"post_tag","embeddable":true,"href":"https:\/\/portaldeyoung.uy\/index.php\/wp-json\/wp\/v2\/tags?post=10462"}],"curies":[{"name":"wp","href":"https:\/\/api.w.org\/{rel}","templated":true}]}}