{"id":10455,"date":"2026-04-30T12:56:21","date_gmt":"2026-04-30T15:56:21","guid":{"rendered":"https:\/\/portaldeyoung.uy\/?p=10455"},"modified":"2026-04-30T13:01:46","modified_gmt":"2026-04-30T16:01:46","slug":"convocatoria-al-acto-del-1-de-mayo-en-nuestra-ciudad","status":"publish","type":"post","link":"https:\/\/portaldeyoung.uy\/index.php\/2026\/04\/30\/convocatoria-al-acto-del-1-de-mayo-en-nuestra-ciudad\/","title":{"rendered":"Convocatoria al acto del 1\u00b0 de Mayo en nuestra ciudad"},"content":{"rendered":"\n<p>En el marco del D\u00eda Internacional de los Trabajadores, se realizar\u00e1 en  Young una actividad conmemorativa y reivindicativa organizada por el movimiento sindical.<\/p>\n\n\n\n<p>De acuerdo al afiche difundido, la convocatoria tendr\u00e1 lugar el mi\u00e9rcoles 1\u00b0 de mayo a las 10:00 horas en Plaza Sardo, en pleno centro de la ciudad.<\/p>\n\n\n\n<p>La consigna central de la jornada ser\u00e1 \u201c1\u00b0 de Mayo Antimperialista\u201d, bajo el lema \u201cTrabajo y salario, Uruguay es su gente\u201d, en el contexto de los 60 a\u00f1os de la unidad sindical. La actividad incluir\u00e1 la participaci\u00f3n de trabajadores y organizaciones, con planteos vinculados a empleo, condiciones laborales, educaci\u00f3n y justicia social.<\/p>\n\n\n\n<p>Adem\u00e1s, se prev\u00e9 expresiones alusivas a distintas reivindicaciones, como la lucha contra la pobreza infantil, mayor presupuesto para la educaci\u00f3n y la defensa de derechos laborales.<\/p>\n\n\n\n<p>Como es habitual en esta fecha, la instancia busca generar un espacio de encuentro y reflexi\u00f3n sobre la realidad del pa\u00eds y el mundo, as\u00ed como visibilizar demandas del sector sindical a nivel local y nacional.<\/p>\n\n\n\n<p><br><br><br><br><br><br><br><br><br><br><br><br><br><br><br><br><br>\u201convocatoria al acto del 1\u00b0 de Mayo en Y\u201d<br><br><br><br><br><br><br><br><br><br><br><br><br><br><br><br><br><br>\u201convocatoria al acto del 1\u00b0 de Mayo en Y\u201d<br><\/p>\n","protected":false},"excerpt":{"rendered":"<p>En el marco del D\u00eda Internacional de los Trabajadores, se realizar\u00e1 en Young una actividad conmemorativa y reivindicativa organizada por el movimiento sindical. De acuerdo<\/p>\n","protected":false},"author":1,"featured_media":10456,"comment_status":"closed","ping_status":"open","sticky":false,"template":"","format":"standard","meta":{"advgb_blocks_editor_width":"","advgb_blocks_columns_visual_guide":"","footnotes":"","jetpack_publicize_message":"En el marco del D\u00eda Internacional de los Trabajadores, se realizar\u00e1 en la ciudad de Young una actividad conmemorativa y reivindicativa organizada por ..Lee la nota completa\ud83d\udc47","jetpack_publicize_feature_enabled":true,"jetpack_social_post_already_shared":false,"jetpack_social_options":{"image_generator_settings":{"template":"highway","default_image_id":0,"font":"","enabled":false},"version":2}},"categories":[1],"tags":[],"class_list":["post-10455","post","type-post","status-publish","format-standard","has-post-thumbnail","hentry","category-portada"],"author_meta":{"display_name":"Portal","author_link":"https:\/\/portaldeyoung.uy\/index.php\/author\/admin_port\/"},"featured_img":"https:\/\/portaldeyoung.uy\/wp-content\/uploads\/2026\/04\/Primero-de-mayo-young-300x182.jpg","jetpack_publicize_connections":[],"coauthors":[],"tax_additional":{"categories":{"linked":["<a href=\"https:\/\/portaldeyoung.uy\/index.php\/category\/portada\/\" class=\"advgb-post-tax-term\">Portada<\/a>"],"unlinked":["<span class=\"advgb-post-tax-term\">Portada<\/span>"]}},"comment_count":"0","relative_dates":{"created":"Publicado 9 horas hace","modified":"Actualizado 9 horas hace"},"absolute_dates":{"created":"Publicado el abril 30, 2026","modified":"Actualizado el abril 30, 2026"},"absolute_dates_time":{"created":"Publicado el abril 30, 2026 12:56 pm","modified":"Actualizado el abril 30, 2026 1:01 pm"},"featured_img_caption":"","series_order":"","_links":{"self":[{"href":"https:\/\/portaldeyoung.uy\/index.php\/wp-json\/wp\/v2\/posts\/10455","targetHints":{"allow":["GET"]}}],"collection":[{"href":"https:\/\/portaldeyoung.uy\/index.php\/wp-json\/wp\/v2\/posts"}],"about":[{"href":"https:\/\/portaldeyoung.uy\/index.php\/wp-json\/wp\/v2\/types\/post"}],"author":[{"embeddable":true,"href":"https:\/\/portaldeyoung.uy\/index.php\/wp-json\/wp\/v2\/users\/1"}],"replies":[{"embeddable":true,"href":"https:\/\/portaldeyoung.uy\/index.php\/wp-json\/wp\/v2\/comments?post=10455"}],"version-history":[{"count":5,"href":"https:\/\/portaldeyoung.uy\/index.php\/wp-json\/wp\/v2\/posts\/10455\/revisions"}],"predecessor-version":[{"id":10461,"href":"https:\/\/portaldeyoung.uy\/index.php\/wp-json\/wp\/v2\/posts\/10455\/revisions\/10461"}],"wp:featuredmedia":[{"embeddable":true,"href":"https:\/\/portaldeyoung.uy\/index.php\/wp-json\/wp\/v2\/media\/10456"}],"wp:attachment":[{"href":"https:\/\/portaldeyoung.uy\/index.php\/wp-json\/wp\/v2\/media?parent=10455"}],"wp:term":[{"taxonomy":"category","embeddable":true,"href":"https:\/\/portaldeyoung.uy\/index.php\/wp-json\/wp\/v2\/categories?post=10455"},{"taxonomy":"post_tag","embeddable":true,"href":"https:\/\/portaldeyoung.uy\/index.php\/wp-json\/wp\/v2\/tags?post=10455"}],"curies":[{"name":"wp","href":"https:\/\/api.w.org\/{rel}","templated":true}]}}