{"id":10453,"date":"2026-04-30T12:27:48","date_gmt":"2026-04-30T15:27:48","guid":{"rendered":"https:\/\/portaldeyoung.uy\/?p=10453"},"modified":"2026-04-30T12:27:50","modified_gmt":"2026-04-30T15:27:50","slug":"hurto-en-comercio-y-detencion-de-un-hombre-requerido-en-young","status":"publish","type":"post","link":"https:\/\/portaldeyoung.uy\/index.php\/2026\/04\/30\/hurto-en-comercio-y-detencion-de-un-hombre-requerido-en-young\/","title":{"rendered":"Hurto en comercio y detenci\u00f3n de un hombre requerido en Young"},"content":{"rendered":"\n<p>Un comercio de nuestra ciudad fue objeto de un hurto, seg\u00fan la denuncia presentada por un ciudadano mayor de edad ante la Polic\u00eda. De acuerdo a lo informado, al llegar a su local el denunciante constat\u00f3 que una reja y una ventana se encontraban abiertas. Tras recorrer el interior del establecimiento, verific\u00f3 la faltante de varias bebidas, sin poder avaluar el perjuicio econ\u00f3mico en ese momento por desconocer el stock exacto sustra\u00eddo.<\/p>\n\n\n\n<p>El caso es investigado por personal de la Zona Operacional IV, a trav\u00e9s de la Unidad de Investigaciones de Young, que contin\u00faa con las actuaciones para esclarecer el hecho.<\/p>\n\n\n\n<p>Por otra parte, y en el marco de tareas de informaci\u00f3n, efectivos policiales procedieron a la detenci\u00f3n de un hombre de 32 a\u00f1os de edad que se encontraba requerido por una denuncia de hurto.<\/p>\n\n\n\n<p>Enterada del procedimiento, la fiscal Dra. Solana Puglia dispuso la conducci\u00f3n del detenido a Fiscal\u00eda en la ma\u00f1ana y su posterior comparecencia ante la Justicia.<\/p>\n\n\n\n<p>Se inform\u00f3 que la informaci\u00f3n ser\u00e1 ampliada en las pr\u00f3ximas horas.<\/p>\n","protected":false},"excerpt":{"rendered":"<p>Un comercio de nuestra ciudad fue objeto de un hurto, seg\u00fan la denuncia presentada por un ciudadano mayor de edad ante la Polic\u00eda. De acuerdo<\/p>\n","protected":false},"author":1,"featured_media":1357,"comment_status":"closed","ping_status":"open","sticky":false,"template":"","format":"standard","meta":{"advgb_blocks_editor_width":"","advgb_blocks_columns_visual_guide":"","footnotes":"","jetpack_publicize_message":"Un comercio de nuestra ciudad fue objeto de un hurto, seg\u00fan la denuncia presentada por un ciudadano mayor de edad ante la Polic\u00eda ..Lee la noticia completa\ud83d\udc47","jetpack_publicize_feature_enabled":true,"jetpack_social_post_already_shared":false,"jetpack_social_options":{"image_generator_settings":{"template":"highway","default_image_id":0,"font":"","enabled":false},"version":2}},"categories":[1],"tags":[],"class_list":["post-10453","post","type-post","status-publish","format-standard","has-post-thumbnail","hentry","category-portada"],"author_meta":{"display_name":"Portal","author_link":"https:\/\/portaldeyoung.uy\/index.php\/author\/admin_port\/"},"featured_img":"https:\/\/portaldeyoung.uy\/wp-content\/uploads\/2025\/07\/Policia-movil-300x195.png","jetpack_publicize_connections":[],"coauthors":[],"tax_additional":{"categories":{"linked":["<a href=\"https:\/\/portaldeyoung.uy\/index.php\/category\/portada\/\" class=\"advgb-post-tax-term\">Portada<\/a>"],"unlinked":["<span class=\"advgb-post-tax-term\">Portada<\/span>"]}},"comment_count":"0","relative_dates":{"created":"Publicado 8 horas hace","modified":"Actualizado 8 horas hace"},"absolute_dates":{"created":"Publicado el abril 30, 2026","modified":"Actualizado el abril 30, 2026"},"absolute_dates_time":{"created":"Publicado el abril 30, 2026 12:27 pm","modified":"Actualizado el abril 30, 2026 12:27 pm"},"featured_img_caption":"","series_order":"","_links":{"self":[{"href":"https:\/\/portaldeyoung.uy\/index.php\/wp-json\/wp\/v2\/posts\/10453","targetHints":{"allow":["GET"]}}],"collection":[{"href":"https:\/\/portaldeyoung.uy\/index.php\/wp-json\/wp\/v2\/posts"}],"about":[{"href":"https:\/\/portaldeyoung.uy\/index.php\/wp-json\/wp\/v2\/types\/post"}],"author":[{"embeddable":true,"href":"https:\/\/portaldeyoung.uy\/index.php\/wp-json\/wp\/v2\/users\/1"}],"replies":[{"embeddable":true,"href":"https:\/\/portaldeyoung.uy\/index.php\/wp-json\/wp\/v2\/comments?post=10453"}],"version-history":[{"count":1,"href":"https:\/\/portaldeyoung.uy\/index.php\/wp-json\/wp\/v2\/posts\/10453\/revisions"}],"predecessor-version":[{"id":10454,"href":"https:\/\/portaldeyoung.uy\/index.php\/wp-json\/wp\/v2\/posts\/10453\/revisions\/10454"}],"wp:featuredmedia":[{"embeddable":true,"href":"https:\/\/portaldeyoung.uy\/index.php\/wp-json\/wp\/v2\/media\/1357"}],"wp:attachment":[{"href":"https:\/\/portaldeyoung.uy\/index.php\/wp-json\/wp\/v2\/media?parent=10453"}],"wp:term":[{"taxonomy":"category","embeddable":true,"href":"https:\/\/portaldeyoung.uy\/index.php\/wp-json\/wp\/v2\/categories?post=10453"},{"taxonomy":"post_tag","embeddable":true,"href":"https:\/\/portaldeyoung.uy\/index.php\/wp-json\/wp\/v2\/tags?post=10453"}],"curies":[{"name":"wp","href":"https:\/\/api.w.org\/{rel}","templated":true}]}}