{"id":10446,"date":"2026-04-30T12:09:07","date_gmt":"2026-04-30T15:09:07","guid":{"rendered":"https:\/\/portaldeyoung.uy\/?p=10446"},"modified":"2026-04-30T12:09:10","modified_gmt":"2026-04-30T15:09:10","slug":"reunion-de-seguridad-rural-en-rio-negro-autoridades-y-productores-coordinan-acciones-contra-el-abigeato","status":"publish","type":"post","link":"https:\/\/portaldeyoung.uy\/index.php\/2026\/04\/30\/reunion-de-seguridad-rural-en-rio-negro-autoridades-y-productores-coordinan-acciones-contra-el-abigeato\/","title":{"rendered":"Reuni\u00f3n de seguridad rural en R\u00edo Negro: autoridades y productores coordinan acciones contra el abigeato"},"content":{"rendered":"\n<p>El Comando de Jefatura de Polic\u00eda de R\u00edo Negro mantuvo una reuni\u00f3n de trabajo con productores rurales para abordar la problem\u00e1tica del abigeato y otras situaciones vinculadas a la seguridad en el medio rural.<\/p>\n\n\n\n<p>En el encuentro participaron jerarcas de distintas zonas operativas, as\u00ed como responsables de brigadas especializadas, quienes analizaron denuncias recientes que afectan a productores de \u00e1reas cercanas al departamento de Paysand\u00fa. Entre los temas planteados, se destac\u00f3 la preocupaci\u00f3n por el tr\u00e1nsito de personas y veh\u00edculos en horarios nocturnos y de madrugada, particularmente en caminos vecinales que conectan zonas rurales.<\/p>\n\n\n\n<p>En ese sentido, se se\u00f1alaron puntos espec\u00edficos considerados sensibles, como el tramo que une Camino a Menafra con la Ruta 3 a la altura del kil\u00f3metro 326, adem\u00e1s de accesos desde la zona de Arroyo Negro.<\/p>\n\n\n\n<p>Durante la reuni\u00f3n, los productores manifestaron la necesidad de intensificar las recorridas nocturnas y reforzar la vigilancia en sectores cr\u00edticos, con el objetivo de prevenir delitos rurales.<\/p>\n\n\n\n<p>Como resultado del intercambio, se acord\u00f3 coordinar operativos y patrullajes en las \u00e1reas identificadas, con \u00e9nfasis en la prevenci\u00f3n y represi\u00f3n del abigeato. Los productores valoraron la instancia de di\u00e1logo y destacaron la respuesta de las autoridades, as\u00ed como las acciones implementadas hasta el momento.<\/p>\n","protected":false},"excerpt":{"rendered":"<p>El Comando de Jefatura de Polic\u00eda de R\u00edo Negro mantuvo una reuni\u00f3n de trabajo con productores rurales para abordar la problem\u00e1tica del abigeato y otras<\/p>\n","protected":false},"author":1,"featured_media":10447,"comment_status":"closed","ping_status":"open","sticky":false,"template":"","format":"standard","meta":{"advgb_blocks_editor_width":"","advgb_blocks_columns_visual_guide":"","footnotes":"","jetpack_publicize_message":"En el encuentro participaron jerarcas de distintas zonas operativas, as\u00ed como responsables de brigadas especializadas, quienes analizaron denuncias recientes que afectan a ...Lee la nota completa\ud83d\udc47","jetpack_publicize_feature_enabled":true,"jetpack_social_post_already_shared":false,"jetpack_social_options":{"image_generator_settings":{"template":"highway","default_image_id":0,"font":"","enabled":false},"version":2}},"categories":[6],"tags":[],"class_list":["post-10446","post","type-post","status-publish","format-standard","has-post-thumbnail","hentry","category-del-departamento"],"author_meta":{"display_name":"Portal","author_link":"https:\/\/portaldeyoung.uy\/index.php\/author\/admin_port\/"},"featured_img":"https:\/\/portaldeyoung.uy\/wp-content\/uploads\/2026\/04\/con-productores-jefatura-300x225.png","jetpack_publicize_connections":[],"coauthors":[],"tax_additional":{"categories":{"linked":["<a href=\"https:\/\/portaldeyoung.uy\/index.php\/category\/del-departamento\/\" class=\"advgb-post-tax-term\">Del departamento<\/a>"],"unlinked":["<span class=\"advgb-post-tax-term\">Del departamento<\/span>"]}},"comment_count":"0","relative_dates":{"created":"Publicado 6 horas hace","modified":"Actualizado 6 horas hace"},"absolute_dates":{"created":"Publicado el abril 30, 2026","modified":"Actualizado el abril 30, 2026"},"absolute_dates_time":{"created":"Publicado el abril 30, 2026 12:09 pm","modified":"Actualizado el abril 30, 2026 12:09 pm"},"featured_img_caption":"","series_order":"","_links":{"self":[{"href":"https:\/\/portaldeyoung.uy\/index.php\/wp-json\/wp\/v2\/posts\/10446","targetHints":{"allow":["GET"]}}],"collection":[{"href":"https:\/\/portaldeyoung.uy\/index.php\/wp-json\/wp\/v2\/posts"}],"about":[{"href":"https:\/\/portaldeyoung.uy\/index.php\/wp-json\/wp\/v2\/types\/post"}],"author":[{"embeddable":true,"href":"https:\/\/portaldeyoung.uy\/index.php\/wp-json\/wp\/v2\/users\/1"}],"replies":[{"embeddable":true,"href":"https:\/\/portaldeyoung.uy\/index.php\/wp-json\/wp\/v2\/comments?post=10446"}],"version-history":[{"count":1,"href":"https:\/\/portaldeyoung.uy\/index.php\/wp-json\/wp\/v2\/posts\/10446\/revisions"}],"predecessor-version":[{"id":10448,"href":"https:\/\/portaldeyoung.uy\/index.php\/wp-json\/wp\/v2\/posts\/10446\/revisions\/10448"}],"wp:featuredmedia":[{"embeddable":true,"href":"https:\/\/portaldeyoung.uy\/index.php\/wp-json\/wp\/v2\/media\/10447"}],"wp:attachment":[{"href":"https:\/\/portaldeyoung.uy\/index.php\/wp-json\/wp\/v2\/media?parent=10446"}],"wp:term":[{"taxonomy":"category","embeddable":true,"href":"https:\/\/portaldeyoung.uy\/index.php\/wp-json\/wp\/v2\/categories?post=10446"},{"taxonomy":"post_tag","embeddable":true,"href":"https:\/\/portaldeyoung.uy\/index.php\/wp-json\/wp\/v2\/tags?post=10446"}],"curies":[{"name":"wp","href":"https:\/\/api.w.org\/{rel}","templated":true}]}}