{"id":10441,"date":"2026-04-30T11:45:36","date_gmt":"2026-04-30T14:45:36","guid":{"rendered":"https:\/\/portaldeyoung.uy\/?p=10441"},"modified":"2026-04-30T11:45:39","modified_gmt":"2026-04-30T14:45:39","slug":"liceo-3-de-paysandu-sin-celulares-mayor-interaccion-entre-estudiantes","status":"publish","type":"post","link":"https:\/\/portaldeyoung.uy\/index.php\/2026\/04\/30\/liceo-3-de-paysandu-sin-celulares-mayor-interaccion-entre-estudiantes\/","title":{"rendered":"Liceo 3 de Paysand\u00fa: sin celulares, mayor interacci\u00f3n entre estudiantes"},"content":{"rendered":"\n<p>En medio de amenazas y de malos comportamientos generados a nivel pa\u00eds, los Liceos 3 y 5 de la vecina ciudad comienzan a ser ejemplo a nivel nacional, y por buenas noticias. Desde agosto del a\u00f1o pasado, el Liceo 3 implement\u00f3 la norma de eliminar el uso del celular en la instituci\u00f3n; idea que tambi\u00e9n inici\u00f3 a partir del presente a\u00f1o el Liceo 5.<\/p>\n\n\n\n<p>\u201cDesde agosto del a\u00f1o pasado decidimos cortar definitivamente de que los chiquilines vengan con el celular al liceo\u201d, relat\u00f3 el director del Liceo 3, Ruben Borthagaray. Claro, al comienzo no fue f\u00e1cil pero con el paso del tiempo ya se hizo costumbre y ha mejorado la relaci\u00f3n entre los estudiantes.<\/p>\n\n\n\n<p>Esta idea surgi\u00f3 a ra\u00edz de que hab\u00eda algunos inconvenientes de \u201cv\u00ednculos en los recreos\u201d, en donde los estudiantes \u201cse juntaban para pelearse porque durante el horario de clase a trav\u00e9s de WhatsApp y otras redes se buscaban, se insultaban, y en los recreos de 10 minutos era donde pod\u00edan encontrarse\u201d, relat\u00f3.<br>\u201cAl principio era que los estudiantes no pod\u00edan traer el celular y quien lo tra\u00eda ten\u00eda que dejarlo en una caja en donde el adscripto lo recib\u00eda\u201d, explic\u00f3. Esto trajo aparejado algunas quejas de los estudiantes, quienes elevaron diferentes cartas a la direcci\u00f3n y mantuvieron algunas reuniones.<\/p>\n\n\n\n<p>\u201cNo fue f\u00e1cil, cost\u00f3 mucho, pero han ido entendiendo\u201d, detall\u00f3 Borthagaray.<br>Esta situaci\u00f3n provoc\u00f3 un cambio radical en la instituci\u00f3n. \u201cLos docentes empezaron a darse cuenta que sin celular los alumnos prestaban m\u00e1s atenci\u00f3n, y eso repercuti\u00f3 en los aprendizajes, en la atenci\u00f3n en clase, en mirarse m\u00e1s a los ojos\u201d, cont\u00f3 el director. \u201cEmpezaron a participar m\u00e1s en clase, a participar de forma oral\u201d, a\u00f1adi\u00f3.<\/p>\n\n\n\n<p>Y en los recreos comenzaron los juegos de mesa, las cartas, los estudiantes comenzaron a interconectarse m\u00e1s.<\/p>\n\n\n\n<p>La misma situaci\u00f3n se vive en el Liceo 5, en donde se implement\u00f3 el no uso de celulares en la instituci\u00f3n con el fin de promover la cultura del relacionamiento cara a cara, para valorizar las relaciones interpersonales, fomentar el di\u00e1logo y la no violencia.<\/p>\n\n\n\n<p>\u201cTodo aquello que cost\u00f3, se tom\u00f3 como algo natural y ve\u00edamos que en los recreos volvimos a los juegos de mesa, la biblioteca tom\u00f3 otra impronta, comenzaron a jugar m\u00e1s a las cartas, corr\u00edan m\u00e1s, conversaban, charlaban\u201d, relat\u00f3 el director del Liceo 3.<\/p>\n\n\n\n<p>Lleg\u00f3 fin de a\u00f1o y en este 2026 hubo que volver a empezar, \u201cpero los estudiantes han respondido muy bien, y tambi\u00e9n tengo que agradecer a las familias, que nos dan un gran apoyo\u201d.<\/p>\n\n\n\n<p>Los docentes han mostrado mucha conformidad con esta propuesta, dado que ha cambiado la convivencia dentro del liceo.<\/p>\n\n\n\n<p><em>*El Tel\u00e9grafo<\/em><\/p>\n","protected":false},"excerpt":{"rendered":"<p>En medio de amenazas y de malos comportamientos generados a nivel pa\u00eds, los Liceos 3 y 5 de la vecina ciudad comienzan a ser ejemplo<\/p>\n","protected":false},"author":1,"featured_media":10442,"comment_status":"closed","ping_status":"open","sticky":false,"template":"","format":"standard","meta":{"advgb_blocks_editor_width":"","advgb_blocks_columns_visual_guide":"","footnotes":"","jetpack_publicize_message":"En medio de amenazas y de malos comportamientos generados a nivel pa\u00eds, los Liceos 3 y 5 de Paysand\u00fa comienzan a ser ejemplo a nivel nacional, y por buenas noticias ...Lee la nota completa\ud83d\udc47","jetpack_publicize_feature_enabled":true,"jetpack_social_post_already_shared":false,"jetpack_social_options":{"image_generator_settings":{"template":"highway","default_image_id":0,"font":"","enabled":false},"version":2}},"categories":[7],"tags":[],"class_list":["post-10441","post","type-post","status-publish","format-standard","has-post-thumbnail","hentry","category-del-pais"],"author_meta":{"display_name":"Portal","author_link":"https:\/\/portaldeyoung.uy\/index.php\/author\/admin_port\/"},"featured_img":"https:\/\/portaldeyoung.uy\/wp-content\/uploads\/2026\/04\/liceo-3-paysandu-300x169.jpg","jetpack_publicize_connections":[],"coauthors":[],"tax_additional":{"categories":{"linked":["<a href=\"https:\/\/portaldeyoung.uy\/index.php\/category\/del-pais\/\" class=\"advgb-post-tax-term\">Del pa\u00eds<\/a>"],"unlinked":["<span class=\"advgb-post-tax-term\">Del pa\u00eds<\/span>"]}},"comment_count":"0","relative_dates":{"created":"Publicado 6 horas hace","modified":"Actualizado 6 horas hace"},"absolute_dates":{"created":"Publicado el abril 30, 2026","modified":"Actualizado el abril 30, 2026"},"absolute_dates_time":{"created":"Publicado el abril 30, 2026 11:45 am","modified":"Actualizado el abril 30, 2026 11:45 am"},"featured_img_caption":"","series_order":"","_links":{"self":[{"href":"https:\/\/portaldeyoung.uy\/index.php\/wp-json\/wp\/v2\/posts\/10441","targetHints":{"allow":["GET"]}}],"collection":[{"href":"https:\/\/portaldeyoung.uy\/index.php\/wp-json\/wp\/v2\/posts"}],"about":[{"href":"https:\/\/portaldeyoung.uy\/index.php\/wp-json\/wp\/v2\/types\/post"}],"author":[{"embeddable":true,"href":"https:\/\/portaldeyoung.uy\/index.php\/wp-json\/wp\/v2\/users\/1"}],"replies":[{"embeddable":true,"href":"https:\/\/portaldeyoung.uy\/index.php\/wp-json\/wp\/v2\/comments?post=10441"}],"version-history":[{"count":1,"href":"https:\/\/portaldeyoung.uy\/index.php\/wp-json\/wp\/v2\/posts\/10441\/revisions"}],"predecessor-version":[{"id":10443,"href":"https:\/\/portaldeyoung.uy\/index.php\/wp-json\/wp\/v2\/posts\/10441\/revisions\/10443"}],"wp:featuredmedia":[{"embeddable":true,"href":"https:\/\/portaldeyoung.uy\/index.php\/wp-json\/wp\/v2\/media\/10442"}],"wp:attachment":[{"href":"https:\/\/portaldeyoung.uy\/index.php\/wp-json\/wp\/v2\/media?parent=10441"}],"wp:term":[{"taxonomy":"category","embeddable":true,"href":"https:\/\/portaldeyoung.uy\/index.php\/wp-json\/wp\/v2\/categories?post=10441"},{"taxonomy":"post_tag","embeddable":true,"href":"https:\/\/portaldeyoung.uy\/index.php\/wp-json\/wp\/v2\/tags?post=10441"}],"curies":[{"name":"wp","href":"https:\/\/api.w.org\/{rel}","templated":true}]}}