{"id":10436,"date":"2026-04-30T11:37:39","date_gmt":"2026-04-30T14:37:39","guid":{"rendered":"https:\/\/portaldeyoung.uy\/?p=10436"},"modified":"2026-04-30T11:37:41","modified_gmt":"2026-04-30T14:37:41","slug":"anuncia-hoy-el-aumento-de-precios-en-los-combustibles-que-regira-en-mayo","status":"publish","type":"post","link":"https:\/\/portaldeyoung.uy\/index.php\/2026\/04\/30\/anuncia-hoy-el-aumento-de-precios-en-los-combustibles-que-regira-en-mayo\/","title":{"rendered":"Anuncia hoy el aumento de precios en los combustibles que regir\u00e1 en mayo"},"content":{"rendered":"\n<p>El gobierno analiza por estas horas si el aumento se mantiene dentro del l\u00edmite de 7% establecido como tope, dijo la ministra de Industria Fernanda Cardona: \u201cEstamos analizando diferentes opciones\u201d.<\/p>\n\n\n\n<p id=\"p-1777549034611-6016\">El gobierno anunciar\u00e1 hoy el aumento de precios en los combustibles que regir\u00e1 durante mayo, y por estas horas analiza si estar\u00e1 dentro del l\u00edmite de 7% establecido como tope, dijo la ministra de Industria Fernanda Cardona.<\/p>\n\n\n\n<p id=\"p-1777549034611-55284\">\u201cUno de nuestros rangos es saber cu\u00e1nto podemos permanecer y cu\u00e1nto no dentro de la metodolog\u00eda en el sentido de respetar eso, para dar tambi\u00e9n esto de la amortiguaci\u00f3n que estamos pidiendo, o trabajando desde el mes pasado y adem\u00e1s la certidumbre a la gente\u201d, dijo Cardona el mi\u00e9rcoles de tarde al ser consultada por la prensa.<\/p>\n\n\n\n<p id=\"p-1777549034611-33487\">La decisi\u00f3n final sobre cu\u00e1nto ser\u00e1 el aumento se tomar\u00e1 este jueves, y se anunciar\u00e1 \u201cen el correr de la tarde\u201d, dijo la ministra. \u201cEstamos analizando diferentes opciones\u201d, agreg\u00f3 en rueda de prensa.<\/p>\n\n\n\n<p id=\"p-1777549034611-23945\">\u201cTiene que quedar claro que Ancap est\u00e1 absorbiendo lo que no est\u00e1 trasladando a la ciudadan\u00eda y al bolsillo de la gente, lo que tendr\u00eda que ser el ajuste\u201d, dijo Cardona, y agreg\u00f3: \u201cEs importante que la gente sepa que Ancap, tanto el mes pasado como este, y es nuestra idea, mientras gestione sus finanzas y todas estas variables a la vez, lo que queremos es amortiguar que todo esto no vaya al bolsillo de la gente\u201d.<\/p>\n\n\n\n<p id=\"p-1777549058017-67044\">En abril el aumento de naftas, gasoil y superg\u00e1s fue de 7%, en respuesta al incremento del precio internacional del petr\u00f3leo, que por la guerra en Medio Oriente pas\u00f3 de 70 a 110 d\u00f3lares por barril.<\/p>\n","protected":false},"excerpt":{"rendered":"<p>El gobierno analiza por estas horas si el aumento se mantiene dentro del l\u00edmite de 7% establecido como tope, dijo la ministra de Industria Fernanda<\/p>\n","protected":false},"author":1,"featured_media":7830,"comment_status":"closed","ping_status":"open","sticky":false,"template":"","format":"standard","meta":{"advgb_blocks_editor_width":"","advgb_blocks_columns_visual_guide":"","footnotes":"","jetpack_publicize_message":"El gobierno analiza por estas horas si el aumento se mantiene dentro del l\u00edmite de 7% establecido como tope, dijo la ministra de Industria Fernanda Cardona: \u201cEstamos analizando ...Lee la nota completa\ud83d\udc47","jetpack_publicize_feature_enabled":true,"jetpack_social_post_already_shared":false,"jetpack_social_options":{"image_generator_settings":{"template":"highway","default_image_id":0,"font":"","enabled":false},"version":2}},"categories":[7],"tags":[],"class_list":["post-10436","post","type-post","status-publish","format-standard","has-post-thumbnail","hentry","category-del-pais"],"author_meta":{"display_name":"Portal","author_link":"https:\/\/portaldeyoung.uy\/index.php\/author\/admin_port\/"},"featured_img":"https:\/\/portaldeyoung.uy\/wp-content\/uploads\/2026\/01\/nafta-combustible-300x153.png","jetpack_publicize_connections":[],"coauthors":[],"tax_additional":{"categories":{"linked":["<a href=\"https:\/\/portaldeyoung.uy\/index.php\/category\/del-pais\/\" class=\"advgb-post-tax-term\">Del pa\u00eds<\/a>"],"unlinked":["<span class=\"advgb-post-tax-term\">Del pa\u00eds<\/span>"]}},"comment_count":"0","relative_dates":{"created":"Publicado 7 horas hace","modified":"Actualizado 7 horas hace"},"absolute_dates":{"created":"Publicado el abril 30, 2026","modified":"Actualizado el abril 30, 2026"},"absolute_dates_time":{"created":"Publicado el abril 30, 2026 11:37 am","modified":"Actualizado el abril 30, 2026 11:37 am"},"featured_img_caption":"","series_order":"","_links":{"self":[{"href":"https:\/\/portaldeyoung.uy\/index.php\/wp-json\/wp\/v2\/posts\/10436","targetHints":{"allow":["GET"]}}],"collection":[{"href":"https:\/\/portaldeyoung.uy\/index.php\/wp-json\/wp\/v2\/posts"}],"about":[{"href":"https:\/\/portaldeyoung.uy\/index.php\/wp-json\/wp\/v2\/types\/post"}],"author":[{"embeddable":true,"href":"https:\/\/portaldeyoung.uy\/index.php\/wp-json\/wp\/v2\/users\/1"}],"replies":[{"embeddable":true,"href":"https:\/\/portaldeyoung.uy\/index.php\/wp-json\/wp\/v2\/comments?post=10436"}],"version-history":[{"count":1,"href":"https:\/\/portaldeyoung.uy\/index.php\/wp-json\/wp\/v2\/posts\/10436\/revisions"}],"predecessor-version":[{"id":10437,"href":"https:\/\/portaldeyoung.uy\/index.php\/wp-json\/wp\/v2\/posts\/10436\/revisions\/10437"}],"wp:featuredmedia":[{"embeddable":true,"href":"https:\/\/portaldeyoung.uy\/index.php\/wp-json\/wp\/v2\/media\/7830"}],"wp:attachment":[{"href":"https:\/\/portaldeyoung.uy\/index.php\/wp-json\/wp\/v2\/media?parent=10436"}],"wp:term":[{"taxonomy":"category","embeddable":true,"href":"https:\/\/portaldeyoung.uy\/index.php\/wp-json\/wp\/v2\/categories?post=10436"},{"taxonomy":"post_tag","embeddable":true,"href":"https:\/\/portaldeyoung.uy\/index.php\/wp-json\/wp\/v2\/tags?post=10436"}],"curies":[{"name":"wp","href":"https:\/\/api.w.org\/{rel}","templated":true}]}}