{"id":10433,"date":"2026-04-30T11:34:25","date_gmt":"2026-04-30T14:34:25","guid":{"rendered":"https:\/\/portaldeyoung.uy\/?p=10433"},"modified":"2026-04-30T11:34:30","modified_gmt":"2026-04-30T14:34:30","slug":"mato-desde-su-silla-de-ruedas-imputan-por-homicidio-al-delincuente-de-22-anos-detenido-en-santa-catalina","status":"publish","type":"post","link":"https:\/\/portaldeyoung.uy\/index.php\/2026\/04\/30\/mato-desde-su-silla-de-ruedas-imputan-por-homicidio-al-delincuente-de-22-anos-detenido-en-santa-catalina\/","title":{"rendered":"Mat\u00f3 desde su silla de ruedas: imputan por homicidio al delincuente de 22 a\u00f1os detenido en Santa Catalina"},"content":{"rendered":"\n<p>El joven de 22 a\u00f1os, con tres antecedentes penales, aguardar\u00e1 en prisi\u00f3n preventiva la resoluci\u00f3n judicial definitiva. Es juzgado por el homicidio de un hombre en el barrio La Paloma.<\/p>\n\n\n\n<p id=\"p-1777552607536-46189\">La Justicia imput\u00f3 al delincuente de 22 a\u00f1os, con tres antecedentes penales, que este mi\u00e9rcoles fue detenido en el barrio Santa Catalina por la presunta autor\u00eda de un homicidio cometido en marzo en el barrio La Paloma.<\/p>\n\n\n\n<p id=\"p-1777552607536-27954\">Seg\u00fan supo <em>Subrayado<\/em>, el joven fue imputado por autor\u00eda de homicidio y cumplir\u00e1 prisi\u00f3n preventiva hasta el 29 de agosto, a la espera de la resoluci\u00f3n judicial definitiva. Mientras, sigue la investigaci\u00f3n del Departamento de Homicidios de la Direcci\u00f3n de Hechos Complejos y de la Fiscal\u00eda especializada.<\/p>\n\n\n\n<p id=\"p-1777552607536-15997\">Los antecedentes que tiene son por delitos vinculados a disparos de arma de fuego.<\/p>\n\n\n\n<p id=\"p-1777552607536-66598\">El allanamiento fue en horas de la ma\u00f1ana, en busca del imputado, que fue detenido. Al lugar concurrieron familiares que causaron incidentes con la Polic\u00eda, pero fueron neutralizados y se les hizo una revisi\u00f3n.<\/p>\n\n\n\n<p id=\"p-1777552607536-10991\">Durante el procedimiento, los polic\u00edas incautaron un arma de fuego y dos personas que estaban en la vivienda tambi\u00e9n fueron arrestadas.<\/p>\n\n\n\n<p id=\"p-1777552629773-31690\">El homicidio que est\u00e1 bajo investigaci\u00f3n es uno cometido en la madrugada del 11 de marzo pasado en Francisco Javier Siti y Pasaje B, en el barrio La Paloma, cerca de all\u00ed. La v\u00edctima fue un hombre de 49 a\u00f1os con 11 antecedentes penales, el \u00faltimo de 2023 por hurto.<\/p>\n\n\n\n<p id=\"p-1777552607536-46114\">El hombre fue atacado y trasladado enseguida al Hospital del Cerro, donde ingres\u00f3 grave y no sobrevivi\u00f3. Hab\u00eda recibido un impacto en la cabeza y otro en la zona lumbar, inform\u00f3 entonces <em>Subrayado<\/em>. En la escena fueron encontrados dos casquillos de calibre 9 mil\u00edmetros.<\/p>\n\n\n\n<p id=\"p-1777552607536-22918\">Un familiar de la v\u00edctima dijo que estaba en su casa, que escuch\u00f3 un disparo y, al salir a la calle, vio al hombre herido.<\/p>\n\n\n\n<p id=\"p-1777552607536-43905\">La investigaci\u00f3n por ese ataque avanz\u00f3 en estas semanas y permiti\u00f3 al Departamento de Homicidios irrumpir este mi\u00e9rcoles en una vivienda de Santa Catalina, donde adem\u00e1s trabaj\u00f3 Polic\u00eda Cient\u00edfica en busca de indicios que aporten al trabajo de las autoridades.<\/p>\n","protected":false},"excerpt":{"rendered":"<p>El joven de 22 a\u00f1os, con tres antecedentes penales, aguardar\u00e1 en prisi\u00f3n preventiva la resoluci\u00f3n judicial definitiva. Es juzgado por el homicidio de un hombre<\/p>\n","protected":false},"author":1,"featured_media":10434,"comment_status":"closed","ping_status":"open","sticky":false,"template":"","format":"standard","meta":{"advgb_blocks_editor_width":"","advgb_blocks_columns_visual_guide":"","footnotes":"","jetpack_publicize_message":"El joven de 22 a\u00f1os, con tres antecedentes penales, aguardar\u00e1 en prisi\u00f3n preventiva la resoluci\u00f3n judicial definitiva. Es juzgado por el homicidio de un hombre en el barrio La Paloma...Lee la nota completa\ud83d\udc47","jetpack_publicize_feature_enabled":true,"jetpack_social_post_already_shared":false,"jetpack_social_options":{"image_generator_settings":{"template":"highway","default_image_id":0,"font":"","enabled":false},"version":2}},"categories":[7],"tags":[],"class_list":["post-10433","post","type-post","status-publish","format-standard","has-post-thumbnail","hentry","category-del-pais"],"author_meta":{"display_name":"Portal","author_link":"https:\/\/portaldeyoung.uy\/index.php\/author\/admin_port\/"},"featured_img":"https:\/\/portaldeyoung.uy\/wp-content\/uploads\/2026\/04\/silla-ruedas-asesino-300x193.png","jetpack_publicize_connections":[],"coauthors":[],"tax_additional":{"categories":{"linked":["<a href=\"https:\/\/portaldeyoung.uy\/index.php\/category\/del-pais\/\" class=\"advgb-post-tax-term\">Del pa\u00eds<\/a>"],"unlinked":["<span class=\"advgb-post-tax-term\">Del pa\u00eds<\/span>"]}},"comment_count":"0","relative_dates":{"created":"Publicado 9 horas hace","modified":"Actualizado 9 horas hace"},"absolute_dates":{"created":"Publicado el abril 30, 2026","modified":"Actualizado el abril 30, 2026"},"absolute_dates_time":{"created":"Publicado el abril 30, 2026 11:34 am","modified":"Actualizado el abril 30, 2026 11:34 am"},"featured_img_caption":"","series_order":"","_links":{"self":[{"href":"https:\/\/portaldeyoung.uy\/index.php\/wp-json\/wp\/v2\/posts\/10433","targetHints":{"allow":["GET"]}}],"collection":[{"href":"https:\/\/portaldeyoung.uy\/index.php\/wp-json\/wp\/v2\/posts"}],"about":[{"href":"https:\/\/portaldeyoung.uy\/index.php\/wp-json\/wp\/v2\/types\/post"}],"author":[{"embeddable":true,"href":"https:\/\/portaldeyoung.uy\/index.php\/wp-json\/wp\/v2\/users\/1"}],"replies":[{"embeddable":true,"href":"https:\/\/portaldeyoung.uy\/index.php\/wp-json\/wp\/v2\/comments?post=10433"}],"version-history":[{"count":1,"href":"https:\/\/portaldeyoung.uy\/index.php\/wp-json\/wp\/v2\/posts\/10433\/revisions"}],"predecessor-version":[{"id":10435,"href":"https:\/\/portaldeyoung.uy\/index.php\/wp-json\/wp\/v2\/posts\/10433\/revisions\/10435"}],"wp:featuredmedia":[{"embeddable":true,"href":"https:\/\/portaldeyoung.uy\/index.php\/wp-json\/wp\/v2\/media\/10434"}],"wp:attachment":[{"href":"https:\/\/portaldeyoung.uy\/index.php\/wp-json\/wp\/v2\/media?parent=10433"}],"wp:term":[{"taxonomy":"category","embeddable":true,"href":"https:\/\/portaldeyoung.uy\/index.php\/wp-json\/wp\/v2\/categories?post=10433"},{"taxonomy":"post_tag","embeddable":true,"href":"https:\/\/portaldeyoung.uy\/index.php\/wp-json\/wp\/v2\/tags?post=10433"}],"curies":[{"name":"wp","href":"https:\/\/api.w.org\/{rel}","templated":true}]}}