{"id":10428,"date":"2026-04-29T15:22:34","date_gmt":"2026-04-29T18:22:34","guid":{"rendered":"https:\/\/portaldeyoung.uy\/?p=10428"},"modified":"2026-04-29T15:23:41","modified_gmt":"2026-04-29T18:23:41","slug":"amanecer-unidos-recorrera-18-de-julio-este-domingo-difundiendo-la-danza-tradicional","status":"publish","type":"post","link":"https:\/\/portaldeyoung.uy\/index.php\/2026\/04\/29\/amanecer-unidos-recorrera-18-de-julio-este-domingo-difundiendo-la-danza-tradicional\/","title":{"rendered":"Amanecer unidos recorrer\u00e1 18 de julio \u00e9ste domingo difundiendo la danza tradicional"},"content":{"rendered":"\n<p>Una propuesta cultural y comunitaria se desarrollar\u00e1 este domingo en Young, con una actividad abierta al p\u00fablico que combinar\u00e1 danza, m\u00fasica y participaci\u00f3n ciudadana.<\/p>\n\n\n\n<p>Bajo la consigna \u201cdanza, pasi\u00f3n y alegr\u00eda en la calle\u201d, el evento invita a vecinos y visitantes a disfrutar de espect\u00e1culos al aire libre, donde el baile ser\u00e1 el principal protagonista. La iniciativa es impulsada por el grupo Amanecer Unidos, que promueve este tipo de encuentros como forma de integraci\u00f3n y expresi\u00f3n art\u00edstica.<\/p>\n\n\n\n<p>La actividad se realizar\u00e1 bajo la modalidad \u201ca la gorra\u201d, es decir, con aporte voluntario de los asistentes, lo que permitir\u00e1 colaborar con la continuidad de las propuestas culturales que lleva adelante el grupo.<\/p>\n\n\n\n<p>Desde el colectivo convocante se destaca que este tipo de instancias buscan fortalecer el v\u00ednculo con los vecinos y generar espacios accesibles para todos, fomentando la participaci\u00f3n y el encuentro en espacios p\u00fablicos.<\/p>\n","protected":false},"excerpt":{"rendered":"<p>Una propuesta cultural y comunitaria se desarrollar\u00e1 este domingo en Young, con una actividad abierta al p\u00fablico que combinar\u00e1 danza, m\u00fasica y participaci\u00f3n ciudadana. Bajo<\/p>\n","protected":false},"author":1,"featured_media":10429,"comment_status":"closed","ping_status":"open","sticky":false,"template":"","format":"standard","meta":{"advgb_blocks_editor_width":"","advgb_blocks_columns_visual_guide":"","footnotes":"","jetpack_publicize_message":"Bajo la consigna \u201cdanza, pasi\u00f3n y alegr\u00eda en la calle\u201d, el evento invita a vecinos y visitantes a disfrutar de espect\u00e1culos al aire libre, donde el baile ser\u00e1 el ...Lee la nota completa\ud83d\udc47","jetpack_publicize_feature_enabled":true,"jetpack_social_post_already_shared":false,"jetpack_social_options":{"image_generator_settings":{"template":"highway","default_image_id":0,"font":"","enabled":false},"version":2}},"categories":[1],"tags":[],"class_list":["post-10428","post","type-post","status-publish","format-standard","has-post-thumbnail","hentry","category-portada"],"author_meta":{"display_name":"Portal","author_link":"https:\/\/portaldeyoung.uy\/index.php\/author\/admin_port\/"},"featured_img":"https:\/\/portaldeyoung.uy\/wp-content\/uploads\/2026\/04\/gauchos-plazoleta-300x150.png","jetpack_publicize_connections":[],"coauthors":[],"tax_additional":{"categories":{"linked":["<a href=\"https:\/\/portaldeyoung.uy\/index.php\/category\/portada\/\" class=\"advgb-post-tax-term\">Portada<\/a>"],"unlinked":["<span class=\"advgb-post-tax-term\">Portada<\/span>"]}},"comment_count":"0","relative_dates":{"created":"Publicado 3 horas hace","modified":"Actualizado 3 horas hace"},"absolute_dates":{"created":"Publicado el abril 29, 2026","modified":"Actualizado el abril 29, 2026"},"absolute_dates_time":{"created":"Publicado el abril 29, 2026 3:22 pm","modified":"Actualizado el abril 29, 2026 3:23 pm"},"featured_img_caption":"","series_order":"","_links":{"self":[{"href":"https:\/\/portaldeyoung.uy\/index.php\/wp-json\/wp\/v2\/posts\/10428","targetHints":{"allow":["GET"]}}],"collection":[{"href":"https:\/\/portaldeyoung.uy\/index.php\/wp-json\/wp\/v2\/posts"}],"about":[{"href":"https:\/\/portaldeyoung.uy\/index.php\/wp-json\/wp\/v2\/types\/post"}],"author":[{"embeddable":true,"href":"https:\/\/portaldeyoung.uy\/index.php\/wp-json\/wp\/v2\/users\/1"}],"replies":[{"embeddable":true,"href":"https:\/\/portaldeyoung.uy\/index.php\/wp-json\/wp\/v2\/comments?post=10428"}],"version-history":[{"count":2,"href":"https:\/\/portaldeyoung.uy\/index.php\/wp-json\/wp\/v2\/posts\/10428\/revisions"}],"predecessor-version":[{"id":10432,"href":"https:\/\/portaldeyoung.uy\/index.php\/wp-json\/wp\/v2\/posts\/10428\/revisions\/10432"}],"wp:featuredmedia":[{"embeddable":true,"href":"https:\/\/portaldeyoung.uy\/index.php\/wp-json\/wp\/v2\/media\/10429"}],"wp:attachment":[{"href":"https:\/\/portaldeyoung.uy\/index.php\/wp-json\/wp\/v2\/media?parent=10428"}],"wp:term":[{"taxonomy":"category","embeddable":true,"href":"https:\/\/portaldeyoung.uy\/index.php\/wp-json\/wp\/v2\/categories?post=10428"},{"taxonomy":"post_tag","embeddable":true,"href":"https:\/\/portaldeyoung.uy\/index.php\/wp-json\/wp\/v2\/tags?post=10428"}],"curies":[{"name":"wp","href":"https:\/\/api.w.org\/{rel}","templated":true}]}}