{"id":10425,"date":"2026-04-29T15:13:05","date_gmt":"2026-04-29T18:13:05","guid":{"rendered":"https:\/\/portaldeyoung.uy\/?p=10425"},"modified":"2026-04-29T15:13:07","modified_gmt":"2026-04-29T18:13:07","slug":"este-miercoles-es-la-audiencia-publica-del-municipio-de-young-en-teatro-atenas","status":"publish","type":"post","link":"https:\/\/portaldeyoung.uy\/index.php\/2026\/04\/29\/este-miercoles-es-la-audiencia-publica-del-municipio-de-young-en-teatro-atenas\/","title":{"rendered":"Este mi\u00e9rcoles es la audiencia p\u00fablica del Municipio de Young en Teatro Atenas"},"content":{"rendered":"\n<p>El Concejo Municipal de Young sesion\u00f3 en la noche del martes en car\u00e1cter extraordinario, instancia en la que se abord\u00f3 la evaluaci\u00f3n de distintas solicitudes recibidas y se ultimaron aspectos organizativos de la Audiencia P\u00fablica prevista para este mi\u00e9rcoles.<\/p>\n\n\n\n<p>La actividad tendr\u00e1 lugar a las 19:00 horas en el Teatro Atenas, donde se realizar\u00e1 la rendici\u00f3n de cuentas correspondiente y se presentar\u00e1n avances del Plan Operativo Anual (POA) 2026. La convocatoria est\u00e1 abierta a la ciudadan\u00eda.<\/p>\n\n\n\n<p>Por otra parte, durante la jornada se desarroll\u00f3 una reuni\u00f3n de coordinaci\u00f3n entre el Municipio de Young y distintas \u00e1reas departamentales, entre ellas Tr\u00e1nsito, Cultura y la Unidad de Juventud, G\u00e9nero y Diversidad, con el objetivo de planificar acciones en el marco de una nueva edici\u00f3n de la campa\u00f1a Mayo Amarillo.<\/p>\n\n\n\n<p>Esta iniciativa, de alcance internacional, promueve la concienciaci\u00f3n sobre la seguridad vial y la prevenci\u00f3n de siniestros de tr\u00e1nsito. En Uruguay, la consigna para este a\u00f1o es \u201cEn el tr\u00e1nsito, ver al otro es salvar vidas\u201d, con \u00e9nfasis en la protecci\u00f3n de los usuarios m\u00e1s vulnerables de la v\u00eda p\u00fablica, como peatones, ciclistas y motociclistas.<\/p>\n\n\n\n<p>Las autoridades trabajan en la definici\u00f3n de actividades que se desarrollar\u00e1n a nivel local durante el mes de mayo, en el marco de esta campa\u00f1a.<\/p>\n","protected":false},"excerpt":{"rendered":"<p>El Concejo Municipal de Young sesion\u00f3 en la noche del martes en car\u00e1cter extraordinario, instancia en la que se abord\u00f3 la evaluaci\u00f3n de distintas solicitudes<\/p>\n","protected":false},"author":1,"featured_media":10426,"comment_status":"closed","ping_status":"open","sticky":false,"template":"","format":"standard","meta":{"advgb_blocks_editor_width":"","advgb_blocks_columns_visual_guide":"","footnotes":"","jetpack_publicize_message":"La actividad tendr\u00e1 lugar a las 19:00 horas en el Teatro Atenas, donde se realizar\u00e1 la rendici\u00f3n de cuentas correspondiente y se presentar\u00e1n avances del Plan Operativo Anual (POA) 2026...Lee la nota completa\ud83d\udc47","jetpack_publicize_feature_enabled":true,"jetpack_social_post_already_shared":false,"jetpack_social_options":{"image_generator_settings":{"template":"highway","default_image_id":0,"font":"","enabled":false},"version":2}},"categories":[1],"tags":[],"class_list":["post-10425","post","type-post","status-publish","format-standard","has-post-thumbnail","hentry","category-portada"],"author_meta":{"display_name":"Portal","author_link":"https:\/\/portaldeyoung.uy\/index.php\/author\/admin_port\/"},"featured_img":"https:\/\/portaldeyoung.uy\/wp-content\/uploads\/2026\/04\/teatro-atenas-300x200.jpg","jetpack_publicize_connections":[],"coauthors":[],"tax_additional":{"categories":{"linked":["<a href=\"https:\/\/portaldeyoung.uy\/index.php\/category\/portada\/\" class=\"advgb-post-tax-term\">Portada<\/a>"],"unlinked":["<span class=\"advgb-post-tax-term\">Portada<\/span>"]}},"comment_count":"0","relative_dates":{"created":"Publicado 9 horas hace","modified":"Actualizado 9 horas hace"},"absolute_dates":{"created":"Publicado el abril 29, 2026","modified":"Actualizado el abril 29, 2026"},"absolute_dates_time":{"created":"Publicado el abril 29, 2026 3:13 pm","modified":"Actualizado el abril 29, 2026 3:13 pm"},"featured_img_caption":"","series_order":"","_links":{"self":[{"href":"https:\/\/portaldeyoung.uy\/index.php\/wp-json\/wp\/v2\/posts\/10425","targetHints":{"allow":["GET"]}}],"collection":[{"href":"https:\/\/portaldeyoung.uy\/index.php\/wp-json\/wp\/v2\/posts"}],"about":[{"href":"https:\/\/portaldeyoung.uy\/index.php\/wp-json\/wp\/v2\/types\/post"}],"author":[{"embeddable":true,"href":"https:\/\/portaldeyoung.uy\/index.php\/wp-json\/wp\/v2\/users\/1"}],"replies":[{"embeddable":true,"href":"https:\/\/portaldeyoung.uy\/index.php\/wp-json\/wp\/v2\/comments?post=10425"}],"version-history":[{"count":1,"href":"https:\/\/portaldeyoung.uy\/index.php\/wp-json\/wp\/v2\/posts\/10425\/revisions"}],"predecessor-version":[{"id":10427,"href":"https:\/\/portaldeyoung.uy\/index.php\/wp-json\/wp\/v2\/posts\/10425\/revisions\/10427"}],"wp:featuredmedia":[{"embeddable":true,"href":"https:\/\/portaldeyoung.uy\/index.php\/wp-json\/wp\/v2\/media\/10426"}],"wp:attachment":[{"href":"https:\/\/portaldeyoung.uy\/index.php\/wp-json\/wp\/v2\/media?parent=10425"}],"wp:term":[{"taxonomy":"category","embeddable":true,"href":"https:\/\/portaldeyoung.uy\/index.php\/wp-json\/wp\/v2\/categories?post=10425"},{"taxonomy":"post_tag","embeddable":true,"href":"https:\/\/portaldeyoung.uy\/index.php\/wp-json\/wp\/v2\/tags?post=10425"}],"curies":[{"name":"wp","href":"https:\/\/api.w.org\/{rel}","templated":true}]}}