{"id":10422,"date":"2026-04-29T14:54:25","date_gmt":"2026-04-29T17:54:25","guid":{"rendered":"https:\/\/portaldeyoung.uy\/?p=10422"},"modified":"2026-04-29T14:56:14","modified_gmt":"2026-04-29T17:56:14","slug":"dos-personas-detenidas-en-young-por-hechos-vinculados-a-hurtos","status":"publish","type":"post","link":"https:\/\/portaldeyoung.uy\/index.php\/2026\/04\/29\/dos-personas-detenidas-en-young-por-hechos-vinculados-a-hurtos\/","title":{"rendered":"Dos personas detenidas en Young por hechos vinculados a hurtos"},"content":{"rendered":"\n<p>En las \u00faltimas horas se registraron dos actuaciones policiales en nuestra ciudad relacionadas a delitos de hurto, que derivaron en la condena de una persona y la detenci\u00f3n de otra, en procedimientos llevados adelante por personal policial y la Justicia competente.<\/p>\n\n\n\n<p>En el primer caso, y ampliando un comunicado anterior, se inform\u00f3 que tras una audiencia en el Juzgado Letrado de 1\u00ba Turno de Young, se dispuso mediante oficio la condena de un hombre identificado como L.R.R.G., como autor penalmente responsable de \u201cdos delitos de hurto especialmente agravado en r\u00e9gimen de reiteraci\u00f3n real\u201d. La Justicia determin\u00f3 para el imputado una pena de veinte meses de prisi\u00f3n efectiva.<\/p>\n\n\n\n<p>Por otra parte, en relaci\u00f3n a una denuncia de hurto presentada d\u00edas atr\u00e1s, personal de la Unidad de Investigaciones continu\u00f3 con las actuaciones correspondientes, realizando una inspecci\u00f3n en una finca con la debida autorizaci\u00f3n de su propietario. En el lugar fue ubicado un joven de 23 a\u00f1os, quien se encontraba requerido por su presunta vinculaci\u00f3n con el hecho denunciado.<\/p>\n\n\n\n<p>El individuo fue detenido y trasladado a dependencias policiales, d\u00e1ndose intervenci\u00f3n a la Fiscal Dra. Solana Puglia, quien dispuso su conducci\u00f3n a Fiscal\u00eda Letrada en horas del mediod\u00eda para continuar con las actuaciones judiciales.<\/p>\n\n\n\n<p>Desde Jefatura se indic\u00f3 que el caso permanece en proceso, por lo que se ampliar\u00e1 la informaci\u00f3n en la medida que surjan novedades.<\/p>\n","protected":false},"excerpt":{"rendered":"<p>En las \u00faltimas horas se registraron dos actuaciones policiales en nuestra ciudad relacionadas a delitos de hurto, que derivaron en la condena de una persona<\/p>\n","protected":false},"author":1,"featured_media":2836,"comment_status":"closed","ping_status":"open","sticky":false,"template":"","format":"standard","meta":{"advgb_blocks_editor_width":"","advgb_blocks_columns_visual_guide":"","footnotes":"","jetpack_publicize_message":"Que derivaron en la condena de una persona y la detenci\u00f3n de otra, en procedimientos llevados adelante por personal policial y la Justicia competente...Lee la nota completa\ud83d\udc47","jetpack_publicize_feature_enabled":true,"jetpack_social_post_already_shared":false,"jetpack_social_options":{"image_generator_settings":{"template":"highway","default_image_id":0,"font":"","enabled":false},"version":2}},"categories":[1],"tags":[],"class_list":["post-10422","post","type-post","status-publish","format-standard","has-post-thumbnail","hentry","category-portada"],"author_meta":{"display_name":"Portal","author_link":"https:\/\/portaldeyoung.uy\/index.php\/author\/admin_port\/"},"featured_img":"https:\/\/portaldeyoung.uy\/wp-content\/uploads\/2025\/08\/Seccional-Sexta-Young-300x150.png","jetpack_publicize_connections":[],"coauthors":[],"tax_additional":{"categories":{"linked":["<a href=\"https:\/\/portaldeyoung.uy\/index.php\/category\/portada\/\" class=\"advgb-post-tax-term\">Portada<\/a>"],"unlinked":["<span class=\"advgb-post-tax-term\">Portada<\/span>"]}},"comment_count":"0","relative_dates":{"created":"Publicado 9 horas hace","modified":"Actualizado 8 horas hace"},"absolute_dates":{"created":"Publicado el abril 29, 2026","modified":"Actualizado el abril 29, 2026"},"absolute_dates_time":{"created":"Publicado el abril 29, 2026 2:54 pm","modified":"Actualizado el abril 29, 2026 2:56 pm"},"featured_img_caption":"","series_order":"","_links":{"self":[{"href":"https:\/\/portaldeyoung.uy\/index.php\/wp-json\/wp\/v2\/posts\/10422","targetHints":{"allow":["GET"]}}],"collection":[{"href":"https:\/\/portaldeyoung.uy\/index.php\/wp-json\/wp\/v2\/posts"}],"about":[{"href":"https:\/\/portaldeyoung.uy\/index.php\/wp-json\/wp\/v2\/types\/post"}],"author":[{"embeddable":true,"href":"https:\/\/portaldeyoung.uy\/index.php\/wp-json\/wp\/v2\/users\/1"}],"replies":[{"embeddable":true,"href":"https:\/\/portaldeyoung.uy\/index.php\/wp-json\/wp\/v2\/comments?post=10422"}],"version-history":[{"count":2,"href":"https:\/\/portaldeyoung.uy\/index.php\/wp-json\/wp\/v2\/posts\/10422\/revisions"}],"predecessor-version":[{"id":10424,"href":"https:\/\/portaldeyoung.uy\/index.php\/wp-json\/wp\/v2\/posts\/10422\/revisions\/10424"}],"wp:featuredmedia":[{"embeddable":true,"href":"https:\/\/portaldeyoung.uy\/index.php\/wp-json\/wp\/v2\/media\/2836"}],"wp:attachment":[{"href":"https:\/\/portaldeyoung.uy\/index.php\/wp-json\/wp\/v2\/media?parent=10422"}],"wp:term":[{"taxonomy":"category","embeddable":true,"href":"https:\/\/portaldeyoung.uy\/index.php\/wp-json\/wp\/v2\/categories?post=10422"},{"taxonomy":"post_tag","embeddable":true,"href":"https:\/\/portaldeyoung.uy\/index.php\/wp-json\/wp\/v2\/tags?post=10422"}],"curies":[{"name":"wp","href":"https:\/\/api.w.org\/{rel}","templated":true}]}}