{"id":10419,"date":"2026-04-29T14:47:29","date_gmt":"2026-04-29T17:47:29","guid":{"rendered":"https:\/\/portaldeyoung.uy\/?p=10419"},"modified":"2026-04-29T14:49:06","modified_gmt":"2026-04-29T17:49:06","slug":"las-canas-recibe-encuentro-motoquero-nacional-con-musica-en-vivo-y-camping-gratuito","status":"publish","type":"post","link":"https:\/\/portaldeyoung.uy\/index.php\/2026\/04\/29\/las-canas-recibe-encuentro-motoquero-nacional-con-musica-en-vivo-y-camping-gratuito\/","title":{"rendered":"Las Ca\u00f1as recibe encuentro motoquero nacional con m\u00fasica en vivo y camping gratuito"},"content":{"rendered":"\n<p><strong>El balneario Las Ca\u00f1as ser\u00e1 sede de un encuentro motoquero de alcance nacional los d\u00edas 1, 2 y 3 de mayo, con la participaci\u00f3n de motociclistas de distintos puntos del pa\u00eds en una propuesta que combinar\u00e1 turismo, camarader\u00eda y espect\u00e1culos.<\/strong><\/p>\n\n\n\n<p>El evento, impulsado por un grupo de j\u00f3venes de la zona, ofrecer\u00e1 camping gratuito durante las tres jornadas, facilitando la permanencia de visitantes y delegaciones durante todo el fin de semana.<\/p>\n\n\n\n<p>Uno de los principales atractivos ser\u00e1 el s\u00e1bado 2 de mayo a las 19:00 horas, cuando se realice un show en vivo en la zona de la churrasquera, junto al parador Las Ca\u00f1as. All\u00ed se presentar\u00e1 la banda Valhalla, con una propuesta de blues rock y entrada libre.<\/p>\n\n\n\n<p>La iniciativa busca consolidar a Las Ca\u00f1as como punto de encuentro y promover la actividad tur\u00edstica en la zona.<\/p>\n\n\n\n<p><em>*IRN<\/em><\/p>\n","protected":false},"excerpt":{"rendered":"<p>El balneario Las Ca\u00f1as ser\u00e1 sede de un encuentro motoquero de alcance nacional los d\u00edas 1, 2 y 3 de mayo, con la participaci\u00f3n de<\/p>\n","protected":false},"author":1,"featured_media":10420,"comment_status":"closed","ping_status":"open","sticky":false,"template":"","format":"standard","meta":{"advgb_blocks_editor_width":"","advgb_blocks_columns_visual_guide":"","footnotes":"","jetpack_publicize_message":"El balneario Las Ca\u00f1as ser\u00e1 sede de un encuentro motoquero de alcance nacional los d\u00edas 1, 2 y 3 de mayo, con la participaci\u00f3n de motociclistas de distintos ...Lee la nota completa\ud83d\udc47","jetpack_publicize_feature_enabled":true,"jetpack_social_post_already_shared":false,"jetpack_social_options":{"image_generator_settings":{"template":"highway","default_image_id":0,"font":"","enabled":false},"version":2}},"categories":[5],"tags":[],"class_list":["post-10419","post","type-post","status-publish","format-standard","has-post-thumbnail","hentry","category-de-la-tribuna"],"author_meta":{"display_name":"Portal","author_link":"https:\/\/portaldeyoung.uy\/index.php\/author\/admin_port\/"},"featured_img":"https:\/\/portaldeyoung.uy\/wp-content\/uploads\/2026\/04\/MOTO-ENCUENTRO-300x169.jpeg","jetpack_publicize_connections":[],"coauthors":[],"tax_additional":{"categories":{"linked":["<a href=\"https:\/\/portaldeyoung.uy\/index.php\/category\/de-la-tribuna\/\" class=\"advgb-post-tax-term\">De la tribuna<\/a>"],"unlinked":["<span class=\"advgb-post-tax-term\">De la tribuna<\/span>"]}},"comment_count":"0","relative_dates":{"created":"Publicado 7 horas hace","modified":"Actualizado 7 horas hace"},"absolute_dates":{"created":"Publicado el abril 29, 2026","modified":"Actualizado el abril 29, 2026"},"absolute_dates_time":{"created":"Publicado el abril 29, 2026 2:47 pm","modified":"Actualizado el abril 29, 2026 2:49 pm"},"featured_img_caption":"","series_order":"","_links":{"self":[{"href":"https:\/\/portaldeyoung.uy\/index.php\/wp-json\/wp\/v2\/posts\/10419","targetHints":{"allow":["GET"]}}],"collection":[{"href":"https:\/\/portaldeyoung.uy\/index.php\/wp-json\/wp\/v2\/posts"}],"about":[{"href":"https:\/\/portaldeyoung.uy\/index.php\/wp-json\/wp\/v2\/types\/post"}],"author":[{"embeddable":true,"href":"https:\/\/portaldeyoung.uy\/index.php\/wp-json\/wp\/v2\/users\/1"}],"replies":[{"embeddable":true,"href":"https:\/\/portaldeyoung.uy\/index.php\/wp-json\/wp\/v2\/comments?post=10419"}],"version-history":[{"count":1,"href":"https:\/\/portaldeyoung.uy\/index.php\/wp-json\/wp\/v2\/posts\/10419\/revisions"}],"predecessor-version":[{"id":10421,"href":"https:\/\/portaldeyoung.uy\/index.php\/wp-json\/wp\/v2\/posts\/10419\/revisions\/10421"}],"wp:featuredmedia":[{"embeddable":true,"href":"https:\/\/portaldeyoung.uy\/index.php\/wp-json\/wp\/v2\/media\/10420"}],"wp:attachment":[{"href":"https:\/\/portaldeyoung.uy\/index.php\/wp-json\/wp\/v2\/media?parent=10419"}],"wp:term":[{"taxonomy":"category","embeddable":true,"href":"https:\/\/portaldeyoung.uy\/index.php\/wp-json\/wp\/v2\/categories?post=10419"},{"taxonomy":"post_tag","embeddable":true,"href":"https:\/\/portaldeyoung.uy\/index.php\/wp-json\/wp\/v2\/tags?post=10419"}],"curies":[{"name":"wp","href":"https:\/\/api.w.org\/{rel}","templated":true}]}}