{"id":10417,"date":"2026-04-29T14:38:18","date_gmt":"2026-04-29T17:38:18","guid":{"rendered":"https:\/\/portaldeyoung.uy\/?p=10417"},"modified":"2026-04-29T14:38:21","modified_gmt":"2026-04-29T17:38:21","slug":"dos-detenidos-con-cocaina-en-operativos-de-la-brigada-antidrogas","status":"publish","type":"post","link":"https:\/\/portaldeyoung.uy\/index.php\/2026\/04\/29\/dos-detenidos-con-cocaina-en-operativos-de-la-brigada-antidrogas\/","title":{"rendered":"Dos detenidos con coca\u00edna en operativos de la Brigada Antidrogas"},"content":{"rendered":"\n<p>En el marco de controles rutinarios y tareas de inteligencia, la Brigada Departamental Antidrogas llev\u00f3 adelante en las \u00faltimas horas dos procedimientos que culminaron con la detenci\u00f3n de dos personas y la incautaci\u00f3n de sustancias estupefacientes en Fray Bentos.<\/p>\n\n\n\n<p>El primero de los casos tuvo lugar tras la identificaci\u00f3n de un hombre mayor de edad, poseedor de antecedentes judiciales. Durante la inspecci\u00f3n de su morral, los efectivos hallaron una bolsa de nylon con una sustancia blanca en forma de piedra. El individuo fue trasladado a dependencia policial, donde se realiz\u00f3 el an\u00e1lisis correspondiente, arrojando resultado positivo para coca\u00edna, con un peso de 223 gramos.<\/p>\n\n\n\n<p>Enterada del hecho, la fiscal actuante, Dra. Ana Mart\u00ednez, dispuso la detenci\u00f3n del implicado, as\u00ed como la incautaci\u00f3n de la sustancia, un tel\u00e9fono celular y la continuaci\u00f3n de las actuaciones.<\/p>\n\n\n\n<p>Por otra parte, en la zona de Bulevar Artigas y Zapic\u00e1n en Fray Bentos, personal de la misma brigada procedi\u00f3 a la identificaci\u00f3n de un joven de 27 a\u00f1os, oriundo de Montevideo. Al registrar su mochila, los funcionarios encontraron un ladrillo de sustancia blanca. Tras el an\u00e1lisis, se confirm\u00f3 que se trataba de coca\u00edna, con un peso de 500,3 gramos.<\/p>\n\n\n\n<p>En este caso, fue enterado el fiscal Dr. Villanueva, quien tambi\u00e9n dispuso la detenci\u00f3n del involucrado, la incautaci\u00f3n de la droga y del celular, y la prosecuci\u00f3n de las actuaciones correspondientes.<\/p>\n\n\n\n<p>Ambos procedimientos contin\u00faan en etapa investigativa, no descart\u00e1ndose nuevas derivaciones en las pr\u00f3ximas horas.<\/p>\n","protected":false},"excerpt":{"rendered":"<p>En el marco de controles rutinarios y tareas de inteligencia, la Brigada Departamental Antidrogas llev\u00f3 adelante en las \u00faltimas horas dos procedimientos que culminaron con<\/p>\n","protected":false},"author":1,"featured_media":1687,"comment_status":"closed","ping_status":"open","sticky":false,"template":"","format":"standard","meta":{"advgb_blocks_editor_width":"","advgb_blocks_columns_visual_guide":"","footnotes":"","jetpack_publicize_message":"En el marco de controles rutinarios y tareas de inteligencia, la Brigada Departamental Antidrogas llev\u00f3 adelante en las \u00faltimas horas dos procedimientos que culminaron con la ...Lee la noticia completa\ud83d\udc47","jetpack_publicize_feature_enabled":true,"jetpack_social_post_already_shared":false,"jetpack_social_options":{"image_generator_settings":{"template":"highway","default_image_id":0,"font":"","enabled":false},"version":2}},"categories":[6],"tags":[],"class_list":["post-10417","post","type-post","status-publish","format-standard","has-post-thumbnail","hentry","category-del-departamento"],"author_meta":{"display_name":"Portal","author_link":"https:\/\/portaldeyoung.uy\/index.php\/author\/admin_port\/"},"featured_img":"https:\/\/portaldeyoung.uy\/wp-content\/uploads\/2025\/07\/Policias-300x153.png","jetpack_publicize_connections":[],"coauthors":[],"tax_additional":{"categories":{"linked":["<a href=\"https:\/\/portaldeyoung.uy\/index.php\/category\/del-departamento\/\" class=\"advgb-post-tax-term\">Del departamento<\/a>"],"unlinked":["<span class=\"advgb-post-tax-term\">Del departamento<\/span>"]}},"comment_count":"0","relative_dates":{"created":"Publicado 7 horas hace","modified":"Actualizado 7 horas hace"},"absolute_dates":{"created":"Publicado el abril 29, 2026","modified":"Actualizado el abril 29, 2026"},"absolute_dates_time":{"created":"Publicado el abril 29, 2026 2:38 pm","modified":"Actualizado el abril 29, 2026 2:38 pm"},"featured_img_caption":"","series_order":"","_links":{"self":[{"href":"https:\/\/portaldeyoung.uy\/index.php\/wp-json\/wp\/v2\/posts\/10417","targetHints":{"allow":["GET"]}}],"collection":[{"href":"https:\/\/portaldeyoung.uy\/index.php\/wp-json\/wp\/v2\/posts"}],"about":[{"href":"https:\/\/portaldeyoung.uy\/index.php\/wp-json\/wp\/v2\/types\/post"}],"author":[{"embeddable":true,"href":"https:\/\/portaldeyoung.uy\/index.php\/wp-json\/wp\/v2\/users\/1"}],"replies":[{"embeddable":true,"href":"https:\/\/portaldeyoung.uy\/index.php\/wp-json\/wp\/v2\/comments?post=10417"}],"version-history":[{"count":1,"href":"https:\/\/portaldeyoung.uy\/index.php\/wp-json\/wp\/v2\/posts\/10417\/revisions"}],"predecessor-version":[{"id":10418,"href":"https:\/\/portaldeyoung.uy\/index.php\/wp-json\/wp\/v2\/posts\/10417\/revisions\/10418"}],"wp:featuredmedia":[{"embeddable":true,"href":"https:\/\/portaldeyoung.uy\/index.php\/wp-json\/wp\/v2\/media\/1687"}],"wp:attachment":[{"href":"https:\/\/portaldeyoung.uy\/index.php\/wp-json\/wp\/v2\/media?parent=10417"}],"wp:term":[{"taxonomy":"category","embeddable":true,"href":"https:\/\/portaldeyoung.uy\/index.php\/wp-json\/wp\/v2\/categories?post=10417"},{"taxonomy":"post_tag","embeddable":true,"href":"https:\/\/portaldeyoung.uy\/index.php\/wp-json\/wp\/v2\/tags?post=10417"}],"curies":[{"name":"wp","href":"https:\/\/api.w.org\/{rel}","templated":true}]}}