{"id":10414,"date":"2026-04-29T14:28:11","date_gmt":"2026-04-29T17:28:11","guid":{"rendered":"https:\/\/portaldeyoung.uy\/?p=10414"},"modified":"2026-04-29T14:28:13","modified_gmt":"2026-04-29T17:28:13","slug":"la-muestra-itinerante-america-antes-de-america-llego-a-bellaco","status":"publish","type":"post","link":"https:\/\/portaldeyoung.uy\/index.php\/2026\/04\/29\/la-muestra-itinerante-america-antes-de-america-llego-a-bellaco\/","title":{"rendered":"La Muestra itinerante \u201cAm\u00e9rica antes de Am\u00e9rica\u201d lleg\u00f3 a Bellaco"},"content":{"rendered":"\n<p><strong>La Intendencia de R\u00edo Negro, a trav\u00e9s del Departamento de Cultura y con el apoyo del \u00e1rea de Descentralizaci\u00f3n, present\u00f3 en la localidad de Bellaco la muestra itinerante \u201cAm\u00e9rica antes de Am\u00e9rica\u201d, una propuesta que recorre distintas localidades del departamento con el objetivo de acercar el patrimonio hist\u00f3rico y cultural a la comunidad.<\/strong><\/p>\n\n\n\n<p>La exposici\u00f3n, que aborda el proceso de llegada de los primeros pobladores al continente americano, incorpora adem\u00e1s aportes del Museo Arqueol\u00f3gico de R\u00edo Negro (MUARN), poniendo especial \u00e9nfasis en la historia local y en los primeros habitantes del territorio uruguayo y departamental.<\/p>\n\n\n\n<p>La actividad se desarroll\u00f3 en el Sal\u00f3n Comunal de MEVIR, con el apoyo de la comisi\u00f3n local, y cont\u00f3 con la participaci\u00f3n de la escuela de Bellaco, en el marco de acciones educativas vinculadas a la identidad ind\u00edgena y a la tem\u00e1tica del D\u00eda del Patrimonio 2026, centrada en las ra\u00edces ind\u00edgenas.<\/p>\n\n\n\n<p>La muestra continuar\u00e1 su recorrido por otras localidades del departamento, con pr\u00f3ximas presentaciones en San Javier, Nuevo Berl\u00edn y Fray Bentos.<\/p>\n\n\n\n<p><em>*IRN<\/em><\/p>\n","protected":false},"excerpt":{"rendered":"<p>La Intendencia de R\u00edo Negro, a trav\u00e9s del Departamento de Cultura y con el apoyo del \u00e1rea de Descentralizaci\u00f3n, present\u00f3 en la localidad de Bellaco<\/p>\n","protected":false},"author":1,"featured_media":10415,"comment_status":"closed","ping_status":"open","sticky":false,"template":"","format":"standard","meta":{"advgb_blocks_editor_width":"","advgb_blocks_columns_visual_guide":"","footnotes":"","jetpack_publicize_message":"a exposici\u00f3n, que aborda el proceso de llegada de los primeros pobladores al continente americano, incorpora adem\u00e1s aportes del Museo Arqueol\u00f3gico de R\u00edo Negro (MUARN), poniendo ...Lee la nota completa\ud83d\udc47","jetpack_publicize_feature_enabled":true,"jetpack_social_post_already_shared":false,"jetpack_social_options":{"image_generator_settings":{"template":"highway","default_image_id":0,"font":"","enabled":false},"version":2}},"categories":[6],"tags":[],"class_list":["post-10414","post","type-post","status-publish","format-standard","has-post-thumbnail","hentry","category-del-departamento"],"author_meta":{"display_name":"Portal","author_link":"https:\/\/portaldeyoung.uy\/index.php\/author\/admin_port\/"},"featured_img":"https:\/\/portaldeyoung.uy\/wp-content\/uploads\/2026\/04\/bellaco-muestra-itinerante-300x151.png","jetpack_publicize_connections":[],"coauthors":[],"tax_additional":{"categories":{"linked":["<a href=\"https:\/\/portaldeyoung.uy\/index.php\/category\/del-departamento\/\" class=\"advgb-post-tax-term\">Del departamento<\/a>"],"unlinked":["<span class=\"advgb-post-tax-term\">Del departamento<\/span>"]}},"comment_count":"0","relative_dates":{"created":"Publicado 7 horas hace","modified":"Actualizado 7 horas hace"},"absolute_dates":{"created":"Publicado el abril 29, 2026","modified":"Actualizado el abril 29, 2026"},"absolute_dates_time":{"created":"Publicado el abril 29, 2026 2:28 pm","modified":"Actualizado el abril 29, 2026 2:28 pm"},"featured_img_caption":"","series_order":"","_links":{"self":[{"href":"https:\/\/portaldeyoung.uy\/index.php\/wp-json\/wp\/v2\/posts\/10414","targetHints":{"allow":["GET"]}}],"collection":[{"href":"https:\/\/portaldeyoung.uy\/index.php\/wp-json\/wp\/v2\/posts"}],"about":[{"href":"https:\/\/portaldeyoung.uy\/index.php\/wp-json\/wp\/v2\/types\/post"}],"author":[{"embeddable":true,"href":"https:\/\/portaldeyoung.uy\/index.php\/wp-json\/wp\/v2\/users\/1"}],"replies":[{"embeddable":true,"href":"https:\/\/portaldeyoung.uy\/index.php\/wp-json\/wp\/v2\/comments?post=10414"}],"version-history":[{"count":1,"href":"https:\/\/portaldeyoung.uy\/index.php\/wp-json\/wp\/v2\/posts\/10414\/revisions"}],"predecessor-version":[{"id":10416,"href":"https:\/\/portaldeyoung.uy\/index.php\/wp-json\/wp\/v2\/posts\/10414\/revisions\/10416"}],"wp:featuredmedia":[{"embeddable":true,"href":"https:\/\/portaldeyoung.uy\/index.php\/wp-json\/wp\/v2\/media\/10415"}],"wp:attachment":[{"href":"https:\/\/portaldeyoung.uy\/index.php\/wp-json\/wp\/v2\/media?parent=10414"}],"wp:term":[{"taxonomy":"category","embeddable":true,"href":"https:\/\/portaldeyoung.uy\/index.php\/wp-json\/wp\/v2\/categories?post=10414"},{"taxonomy":"post_tag","embeddable":true,"href":"https:\/\/portaldeyoung.uy\/index.php\/wp-json\/wp\/v2\/tags?post=10414"}],"curies":[{"name":"wp","href":"https:\/\/api.w.org\/{rel}","templated":true}]}}