{"id":10411,"date":"2026-04-29T14:24:38","date_gmt":"2026-04-29T17:24:38","guid":{"rendered":"https:\/\/portaldeyoung.uy\/?p=10411"},"modified":"2026-04-29T14:24:45","modified_gmt":"2026-04-29T17:24:45","slug":"escabiosis-en-caif-de-pueblo-porvenir-suspenden-clases-y-activan-protocolo-sanitario","status":"publish","type":"post","link":"https:\/\/portaldeyoung.uy\/index.php\/2026\/04\/29\/escabiosis-en-caif-de-pueblo-porvenir-suspenden-clases-y-activan-protocolo-sanitario\/","title":{"rendered":"Escabiosis en Caif de Pueblo Porvenir: suspenden clases y activan protocolo sanitario"},"content":{"rendered":"\n<p>Se trata de casos com\u00fanmente conocidos como sarna.<\/p>\n\n\n\n<p>La directora de Promoci\u00f3n Social de la Intendencia, Guadalupe Caballero, inform\u00f3 que en las \u00faltimas horas se detectaron dos casos de escabiosis \u2014com\u00fanmente conocida como sarna\u2014 en el Caif de Pueblo Porvenir.<\/p>\n\n\n\n<p>El primer caso corresponde a un ni\u00f1o, cuyo diagn\u00f3stico fue realizado en la policl\u00ednica local. De inmediato, se aplicaron los protocolos sanitarios: el menor fue enviado a su domicilio y se notific\u00f3 a las familias.<\/p>\n\n\n\n<p>Posteriormente, se confirm\u00f3 un segundo caso en una educadora del centro, lo que llev\u00f3 a reforzar las medidas preventivas.<\/p>\n\n\n\n<p>Ante esta situaci\u00f3n, se dio aviso a la Direcci\u00f3n Departamental de Salud y al \u00e1rea de Epidemiolog\u00eda, as\u00ed como a las autoridades de INAU. Tras la evaluaci\u00f3n, se resolvi\u00f3 no cerrar el centro, pero s\u00ed suspender las clases durante mi\u00e9rcoles y jueves.<\/p>\n\n\n\n<p>Desde el Caif se asegur\u00f3 adem\u00e1s la continuidad de la asistencia alimentaria, estableciendo una guardia para que las familias puedan retirar alimentos, e incluso se analiza la entrega de canastas en los casos m\u00e1s necesarios.<br>Caballero destac\u00f3 que se trata de una enfermedad no grave ni de riesgo de vida, aunque s\u00ed muy molesta debido a la intensa picaz\u00f3n que provoca, y subray\u00f3 que las medidas adoptadas son de car\u00e1cter preventivo.<\/p>\n\n\n\n<p><em>*Medios P\u00fablicos<\/em><\/p>\n","protected":false},"excerpt":{"rendered":"<p>Se trata de casos com\u00fanmente conocidos como sarna. La directora de Promoci\u00f3n Social de la Intendencia, Guadalupe Caballero, inform\u00f3 que en las \u00faltimas horas se<\/p>\n","protected":false},"author":1,"featured_media":10412,"comment_status":"closed","ping_status":"open","sticky":false,"template":"","format":"standard","meta":{"advgb_blocks_editor_width":"","advgb_blocks_columns_visual_guide":"","footnotes":"","jetpack_publicize_message":"La directora de Promoci\u00f3n Social de la Intendencia, Guadalupe Caballero, inform\u00f3 que en las \u00faltimas horas se detectaron dos casos de escabiosis \u2014com\u00fanmente conocida como sarna ...Lee la nota completa\ud83d\udc47","jetpack_publicize_feature_enabled":true,"jetpack_social_post_already_shared":false,"jetpack_social_options":{"image_generator_settings":{"template":"highway","default_image_id":0,"font":"","enabled":false},"version":2}},"categories":[7],"tags":[],"class_list":["post-10411","post","type-post","status-publish","format-standard","has-post-thumbnail","hentry","category-del-pais"],"author_meta":{"display_name":"Portal","author_link":"https:\/\/portaldeyoung.uy\/index.php\/author\/admin_port\/"},"featured_img":"https:\/\/portaldeyoung.uy\/wp-content\/uploads\/2026\/04\/CAIF-Porvenir-300x137.png","jetpack_publicize_connections":[],"coauthors":[],"tax_additional":{"categories":{"linked":["<a href=\"https:\/\/portaldeyoung.uy\/index.php\/category\/del-pais\/\" class=\"advgb-post-tax-term\">Del pa\u00eds<\/a>"],"unlinked":["<span class=\"advgb-post-tax-term\">Del pa\u00eds<\/span>"]}},"comment_count":"0","relative_dates":{"created":"Publicado 6 horas hace","modified":"Actualizado 6 horas hace"},"absolute_dates":{"created":"Publicado el abril 29, 2026","modified":"Actualizado el abril 29, 2026"},"absolute_dates_time":{"created":"Publicado el abril 29, 2026 2:24 pm","modified":"Actualizado el abril 29, 2026 2:24 pm"},"featured_img_caption":"","series_order":"","_links":{"self":[{"href":"https:\/\/portaldeyoung.uy\/index.php\/wp-json\/wp\/v2\/posts\/10411","targetHints":{"allow":["GET"]}}],"collection":[{"href":"https:\/\/portaldeyoung.uy\/index.php\/wp-json\/wp\/v2\/posts"}],"about":[{"href":"https:\/\/portaldeyoung.uy\/index.php\/wp-json\/wp\/v2\/types\/post"}],"author":[{"embeddable":true,"href":"https:\/\/portaldeyoung.uy\/index.php\/wp-json\/wp\/v2\/users\/1"}],"replies":[{"embeddable":true,"href":"https:\/\/portaldeyoung.uy\/index.php\/wp-json\/wp\/v2\/comments?post=10411"}],"version-history":[{"count":1,"href":"https:\/\/portaldeyoung.uy\/index.php\/wp-json\/wp\/v2\/posts\/10411\/revisions"}],"predecessor-version":[{"id":10413,"href":"https:\/\/portaldeyoung.uy\/index.php\/wp-json\/wp\/v2\/posts\/10411\/revisions\/10413"}],"wp:featuredmedia":[{"embeddable":true,"href":"https:\/\/portaldeyoung.uy\/index.php\/wp-json\/wp\/v2\/media\/10412"}],"wp:attachment":[{"href":"https:\/\/portaldeyoung.uy\/index.php\/wp-json\/wp\/v2\/media?parent=10411"}],"wp:term":[{"taxonomy":"category","embeddable":true,"href":"https:\/\/portaldeyoung.uy\/index.php\/wp-json\/wp\/v2\/categories?post=10411"},{"taxonomy":"post_tag","embeddable":true,"href":"https:\/\/portaldeyoung.uy\/index.php\/wp-json\/wp\/v2\/tags?post=10411"}],"curies":[{"name":"wp","href":"https:\/\/api.w.org\/{rel}","templated":true}]}}