{"id":10408,"date":"2026-04-29T14:19:52","date_gmt":"2026-04-29T17:19:52","guid":{"rendered":"https:\/\/portaldeyoung.uy\/?p=10408"},"modified":"2026-04-29T14:19:54","modified_gmt":"2026-04-29T17:19:54","slug":"gobierno-estima-que-30-de-los-trabajadores-se-podria-beneficiar-de-una-jubilacion-anticipada-a-los-60-anos","status":"publish","type":"post","link":"https:\/\/portaldeyoung.uy\/index.php\/2026\/04\/29\/gobierno-estima-que-30-de-los-trabajadores-se-podria-beneficiar-de-una-jubilacion-anticipada-a-los-60-anos\/","title":{"rendered":"Gobierno estima que 30% de los trabajadores se podr\u00eda beneficiar de una jubilaci\u00f3n anticipada a los 60 a\u00f1os"},"content":{"rendered":"\n<p>Lo dijo el director de la OPP Rodrigo Arim. Son los trabajadores de menores ingresos, que podr\u00edan jubilarse a los 60 a\u00f1os de edad en condiciones similares a las que exist\u00edan antes de la reforma del 2023.<\/p>\n\n\n\n<p id=\"p-1777469060913-71269\">El gobierno prev\u00e9 que alrededor del 30% de los trabajadores, los de menores ingresos, podr\u00eda acogerse a una jubilaci\u00f3n anticipada a los 60 a\u00f1os de edad, en las mismas condiciones que reg\u00edan antes de la reforma del sistema previsional del a\u00f1o 2023.<\/p>\n\n\n\n<p id=\"p-1777469060913-84414\">As\u00ed lo explic\u00f3 el director de la Oficina de Planeamiento y Presupuesto (OPP) Rodrigo Arim, quien asegur\u00f3 que esta propuesta \u2013 surgida del Di\u00e1logo Social- \u201cest\u00e1 dise\u00f1ada de tal manera que no tiene impactos fiscales ni en el corto ni en el mediano ni en el largo plazo\u201d.<\/p>\n\n\n\n<p id=\"p-1777469060913-59438\">Arim dijo que \u201cla edad normal de retiro va a ser 65 a\u00f1os\u201d, y que la posibilidad del retiro anticipado, a los 60 a\u00f1os, \u201cva a estar abierta para todos\u201d.<\/p>\n\n\n\n<p id=\"p-1777469060913-7844\">Sin embargo, no a todos los trabajadores les va a convenir jubilarse antes de los 65 a\u00f1os. Quienes tendr\u00edan un beneficio por hacerlo antes, a los 60 a\u00f1os, ser\u00edan los trabajadores de menores ingresos, que representan, seg\u00fan su estimaci\u00f3n, el 30%.<\/p>\n\n\n\n<p id=\"p-1777469060913-65026\">\u201cLa posibilidad de acceder a un r\u00e9gimen de retiro anticipado &#8211; vuelvo a decir, la edad normal de retiro es a los 65 a\u00f1os &#8211; va a estar abierta para todos, lo que sucede es que a muchos de nosotros no nos va a convenir\u201d, dijo Arim en el programa Arriba Gente de canal 10.<\/p>\n\n\n\n<p id=\"p-1777469060913-19787\">\u201cLos trabajadores que reciben el pilar solidario\u201d, los de menores ingresos, explic\u00f3, \u201cvan a ser una tercer parte, est\u00e1 en el entorno a eso, hay que afinarlo, van a tener la posibilidad de jubilarse en condiciones similares a las previas del 2023. El resto de nosotros podr\u00e1 hacerlo, pero me autofinancio ese adelanto de la jubilaci\u00f3n, no se lo traslado a la sociedad\u201d, agreg\u00f3.<\/p>\n\n\n\n<p id=\"p-1777469060913-23782\">Esto significa, seg\u00fan explic\u00f3, que un trabajador de ingresos medios o altos podr\u00eda retirarse a los 60 a\u00f1os, pero recibir\u00eda en ese caso una jubilaci\u00f3n menor a la que tendr\u00eda si siguiera trabajando hasta los 65 a\u00f1os, o m\u00e1s.<\/p>\n\n\n\n<p id=\"p-1777469060913-91318\">En ese caso, explic\u00f3: \u201cLo que va a recibir en general es una tasa de retorno menor, uno se autofinancia el derecho, la libertad de poder jubilarnos antes de los 65 a\u00f1os. Pero la edad normal va a ser 65 a\u00f1os\u201d.<\/p>\n\n\n\n<p id=\"p-1777469060913-84604\"><strong>Recomendaciones del Di\u00e1logo Social \u201cno son vinculantes\u201d<\/strong><\/p>\n\n\n\n<p id=\"p-1777469060913-27431\">Arim asegur\u00f3 que las conclusiones y recomendaciones que surgieron del Di\u00e1logo Social, \u201cno son vinculantes\u201d.<\/p>\n\n\n\n<p id=\"p-1777469060913-31186\">\u201cNosotros no tenemos definida una hoja de ruta, lo que tenemos definido es que a partir de ese diagn\u00f3stico podemos analizar alternativas, que no son necesariamente las que est\u00e1n dise\u00f1adas ah\u00ed. Podemos analizar alternativas que mejoren el funcionamiento de ese pilar, y por supuesto que las alternativas tienen sentido si mejoran las prestaciones que brinda el servicio a las personas\u201d, dijo Arim consultado acerca de si la posible reforma mejorar\u00e1 el monto a cobrar de jubilaci\u00f3n.<\/p>\n\n\n\n<p>Pero insisti\u00f3: \u201cNo est\u00e1 definido que esa sea la reforma a instrumentar o proponer, es la recomendaci\u00f3n, y vuelvo a decir, es lo que esper\u00e1bamos, recomendaciones no vinculantes. El Poder Ejecutivo no est\u00e1 asumiendo ning\u00fan dise\u00f1o y ninguna propuesta en concreto, en ninguna de las \u00e1reas, lo que est\u00e1 recibiendo son insumos. Es mandato del Poder Ejecutivo y es responsabilidad del Poder Ejecutivo hacer propuestas en esa materia\u201d.<\/p>\n\n\n\n<p id=\"p-1777469060913-23771\"><strong>Asignaciones Familiares y contraprestaciones<\/strong><\/p>\n\n\n\n<p id=\"p-1777469060913-64846\">Arim tambi\u00e9n fue consultado sobre los cambios planteados al r\u00e9gimen de Asignaciones Familiares y la posibilidad de no exigir m\u00e1s que los hijos concurran a la escuela o el liceo como condici\u00f3n para cobrar esa prestaci\u00f3n.<\/p>\n\n\n\n<p id=\"p-1777469060913-35521\">El director de la OPP dijo que muchas veces la Asignaci\u00f3n Familiar \u201ces el \u00faltimo v\u00ednculo\u201d que tiene una familia con el Estado, y que en esos casos, cortar esa prestaci\u00f3n econ\u00f3mica, podr\u00eda significar la desconexi\u00f3n total de esa familia de los servicios p\u00fablicos.<\/p>\n","protected":false},"excerpt":{"rendered":"<p>Lo dijo el director de la OPP Rodrigo Arim. Son los trabajadores de menores ingresos, que podr\u00edan jubilarse a los 60 a\u00f1os de edad en<\/p>\n","protected":false},"author":1,"featured_media":10409,"comment_status":"closed","ping_status":"open","sticky":false,"template":"","format":"standard","meta":{"advgb_blocks_editor_width":"","advgb_blocks_columns_visual_guide":"","footnotes":"","jetpack_publicize_message":"El gobierno prev\u00e9 que alrededor del 30% de los trabajadores, los de menores ingresos, podr\u00eda acogerse a una jubilaci\u00f3n anticipada a los 60 a\u00f1os de edad ...Lee la noticia completa\ud83d\udc47","jetpack_publicize_feature_enabled":true,"jetpack_social_post_already_shared":false,"jetpack_social_options":{"image_generator_settings":{"template":"highway","default_image_id":0,"font":"","enabled":false},"version":2}},"categories":[7],"tags":[],"class_list":["post-10408","post","type-post","status-publish","format-standard","has-post-thumbnail","hentry","category-del-pais"],"author_meta":{"display_name":"Portal","author_link":"https:\/\/portaldeyoung.uy\/index.php\/author\/admin_port\/"},"featured_img":"https:\/\/portaldeyoung.uy\/wp-content\/uploads\/2026\/04\/arim-300x150.png","jetpack_publicize_connections":[],"coauthors":[],"tax_additional":{"categories":{"linked":["<a href=\"https:\/\/portaldeyoung.uy\/index.php\/category\/del-pais\/\" class=\"advgb-post-tax-term\">Del pa\u00eds<\/a>"],"unlinked":["<span class=\"advgb-post-tax-term\">Del pa\u00eds<\/span>"]}},"comment_count":"0","relative_dates":{"created":"Publicado 6 horas hace","modified":"Actualizado 6 horas hace"},"absolute_dates":{"created":"Publicado el abril 29, 2026","modified":"Actualizado el abril 29, 2026"},"absolute_dates_time":{"created":"Publicado el abril 29, 2026 2:19 pm","modified":"Actualizado el abril 29, 2026 2:19 pm"},"featured_img_caption":"","series_order":"","_links":{"self":[{"href":"https:\/\/portaldeyoung.uy\/index.php\/wp-json\/wp\/v2\/posts\/10408","targetHints":{"allow":["GET"]}}],"collection":[{"href":"https:\/\/portaldeyoung.uy\/index.php\/wp-json\/wp\/v2\/posts"}],"about":[{"href":"https:\/\/portaldeyoung.uy\/index.php\/wp-json\/wp\/v2\/types\/post"}],"author":[{"embeddable":true,"href":"https:\/\/portaldeyoung.uy\/index.php\/wp-json\/wp\/v2\/users\/1"}],"replies":[{"embeddable":true,"href":"https:\/\/portaldeyoung.uy\/index.php\/wp-json\/wp\/v2\/comments?post=10408"}],"version-history":[{"count":1,"href":"https:\/\/portaldeyoung.uy\/index.php\/wp-json\/wp\/v2\/posts\/10408\/revisions"}],"predecessor-version":[{"id":10410,"href":"https:\/\/portaldeyoung.uy\/index.php\/wp-json\/wp\/v2\/posts\/10408\/revisions\/10410"}],"wp:featuredmedia":[{"embeddable":true,"href":"https:\/\/portaldeyoung.uy\/index.php\/wp-json\/wp\/v2\/media\/10409"}],"wp:attachment":[{"href":"https:\/\/portaldeyoung.uy\/index.php\/wp-json\/wp\/v2\/media?parent=10408"}],"wp:term":[{"taxonomy":"category","embeddable":true,"href":"https:\/\/portaldeyoung.uy\/index.php\/wp-json\/wp\/v2\/categories?post=10408"},{"taxonomy":"post_tag","embeddable":true,"href":"https:\/\/portaldeyoung.uy\/index.php\/wp-json\/wp\/v2\/tags?post=10408"}],"curies":[{"name":"wp","href":"https:\/\/api.w.org\/{rel}","templated":true}]}}