{"id":10404,"date":"2026-04-29T14:12:41","date_gmt":"2026-04-29T17:12:41","guid":{"rendered":"https:\/\/portaldeyoung.uy\/?p=10404"},"modified":"2026-04-29T14:15:31","modified_gmt":"2026-04-29T17:15:31","slug":"tres-condenados-en-uruguay-tras-operacion-internacional-contra-explotacion-sexual-infantil-hay-victimas-uruguayas","status":"publish","type":"post","link":"https:\/\/portaldeyoung.uy\/index.php\/2026\/04\/29\/tres-condenados-en-uruguay-tras-operacion-internacional-contra-explotacion-sexual-infantil-hay-victimas-uruguayas\/","title":{"rendered":"Tres condenados en Uruguay tras operaci\u00f3n internacional contra explotaci\u00f3n sexual infantil: hay v\u00edctimas uruguayas"},"content":{"rendered":"\n<p>Entre las v\u00edctimas hay beb\u00e9s, ni\u00f1os, ni\u00f1as y adolescentes explotados sexualmente, afirm\u00f3 la fiscal del caso. El operativo se realiza en 16 pa\u00edses, incluido Uruguay.<\/p>\n\n\n\n<p id=\"p-1777481619736-74935\">Polic\u00edas de 16 pa\u00edses, incluido Uruguay, llevan adelante un operativo contra la explotaci\u00f3n sexual infantil. En el pa\u00eds hubo cinco detenidos y, de momento, tres de ellos son personas \u201cmuy j\u00f3venes\u201d que fueron condenadas, inform\u00f3 la fiscal de Delitos Sexuales de 5\u00b0 turno, Ver\u00f3nica Bujar\u00edn.<\/p>\n\n\n\n<p id=\"p-1777481619736-48793\">Entre las v\u00edctimas hay beb\u00e9s, ni\u00f1os, ni\u00f1as y adolescentes uruguayos explotados sexualmente, afirm\u00f3 la fiscal del caso. A partir de la identificaci\u00f3n de v\u00edctimas, se inici\u00f3 una red de protecci\u00f3n y se trabaja con ellas en la contenci\u00f3n, agreg\u00f3 la fiscal.<\/p>\n\n\n\n<p id=\"p-1777481619736-3462\">Sobre los condenados, dijo que ten\u00edan o compart\u00edan im\u00e1genes de explotaci\u00f3n sexual de estos menores. Hab\u00eda \u201cmucho\u201d material, detall\u00f3.<\/p>\n\n\n\n<p id=\"p-1777481905445-74518\">El material ya hab\u00eda sido identificado durante otras operaciones, es decir, no es nuevo, precisaron las autoridades. Los procedimientos permitieron incautar varios dispositivos electr\u00f3nicos.<\/p>\n\n\n\n<p id=\"p-1777482029965-32441\">En la operaci\u00f3n internacional, en total, de momento han sido condenadas seis personas.<\/p>\n\n\n\n<p><em>*Subrayado<\/em><\/p>\n","protected":false},"excerpt":{"rendered":"<p>Entre las v\u00edctimas hay beb\u00e9s, ni\u00f1os, ni\u00f1as y adolescentes explotados sexualmente, afirm\u00f3 la fiscal del caso. El operativo se realiza en 16 pa\u00edses, incluido Uruguay.<\/p>\n","protected":false},"author":1,"featured_media":10405,"comment_status":"closed","ping_status":"open","sticky":false,"template":"","format":"standard","meta":{"advgb_blocks_editor_width":"","advgb_blocks_columns_visual_guide":"","footnotes":"","jetpack_publicize_message":"Entre las v\u00edctimas hay beb\u00e9s, ni\u00f1os, ni\u00f1as y adolescentes explotados sexualmente, afirm\u00f3 la fiscal del caso. El operativo se realiza en 16 pa\u00edses, incluido Uruguay...Lee la nota completa\ud83d\udc47","jetpack_publicize_feature_enabled":true,"jetpack_social_post_already_shared":false,"jetpack_social_options":{"image_generator_settings":{"template":"highway","default_image_id":0,"font":"","enabled":false},"version":2}},"categories":[7],"tags":[],"class_list":["post-10404","post","type-post","status-publish","format-standard","has-post-thumbnail","hentry","category-del-pais"],"author_meta":{"display_name":"Portal","author_link":"https:\/\/portaldeyoung.uy\/index.php\/author\/admin_port\/"},"featured_img":"https:\/\/portaldeyoung.uy\/wp-content\/uploads\/2026\/04\/conferencia-MI-300x189.png","jetpack_publicize_connections":[],"coauthors":[],"tax_additional":{"categories":{"linked":["<a href=\"https:\/\/portaldeyoung.uy\/index.php\/category\/del-pais\/\" class=\"advgb-post-tax-term\">Del pa\u00eds<\/a>"],"unlinked":["<span class=\"advgb-post-tax-term\">Del pa\u00eds<\/span>"]}},"comment_count":"0","relative_dates":{"created":"Publicado 7 horas hace","modified":"Actualizado 7 horas hace"},"absolute_dates":{"created":"Publicado el abril 29, 2026","modified":"Actualizado el abril 29, 2026"},"absolute_dates_time":{"created":"Publicado el abril 29, 2026 2:12 pm","modified":"Actualizado el abril 29, 2026 2:15 pm"},"featured_img_caption":"","series_order":"","_links":{"self":[{"href":"https:\/\/portaldeyoung.uy\/index.php\/wp-json\/wp\/v2\/posts\/10404","targetHints":{"allow":["GET"]}}],"collection":[{"href":"https:\/\/portaldeyoung.uy\/index.php\/wp-json\/wp\/v2\/posts"}],"about":[{"href":"https:\/\/portaldeyoung.uy\/index.php\/wp-json\/wp\/v2\/types\/post"}],"author":[{"embeddable":true,"href":"https:\/\/portaldeyoung.uy\/index.php\/wp-json\/wp\/v2\/users\/1"}],"replies":[{"embeddable":true,"href":"https:\/\/portaldeyoung.uy\/index.php\/wp-json\/wp\/v2\/comments?post=10404"}],"version-history":[{"count":2,"href":"https:\/\/portaldeyoung.uy\/index.php\/wp-json\/wp\/v2\/posts\/10404\/revisions"}],"predecessor-version":[{"id":10407,"href":"https:\/\/portaldeyoung.uy\/index.php\/wp-json\/wp\/v2\/posts\/10404\/revisions\/10407"}],"wp:featuredmedia":[{"embeddable":true,"href":"https:\/\/portaldeyoung.uy\/index.php\/wp-json\/wp\/v2\/media\/10405"}],"wp:attachment":[{"href":"https:\/\/portaldeyoung.uy\/index.php\/wp-json\/wp\/v2\/media?parent=10404"}],"wp:term":[{"taxonomy":"category","embeddable":true,"href":"https:\/\/portaldeyoung.uy\/index.php\/wp-json\/wp\/v2\/categories?post=10404"},{"taxonomy":"post_tag","embeddable":true,"href":"https:\/\/portaldeyoung.uy\/index.php\/wp-json\/wp\/v2\/tags?post=10404"}],"curies":[{"name":"wp","href":"https:\/\/api.w.org\/{rel}","templated":true}]}}