{"id":10390,"date":"2026-04-28T16:18:23","date_gmt":"2026-04-28T19:18:23","guid":{"rendered":"https:\/\/portaldeyoung.uy\/?p=10390"},"modified":"2026-04-28T16:18:25","modified_gmt":"2026-04-28T19:18:25","slug":"llamado-externo-a-asistente-tecnico-en-turismo","status":"publish","type":"post","link":"https:\/\/portaldeyoung.uy\/index.php\/2026\/04\/28\/llamado-externo-a-asistente-tecnico-en-turismo\/","title":{"rendered":"Llamado Externo a Asistente T\u00e9cnico en Turismo"},"content":{"rendered":"\n<p><strong>La Intendencia de R\u00edo Negro efect\u00faa llamado externo a Asistente en Turismo para desempe\u00f1arse en tareas dependientes de la Direcci\u00f3n de Turismo.<\/strong><\/p>\n\n\n\n<p><strong>1. Denominaci\u00f3n del cargo<\/strong><\/p>\n\n\n\n<p>Asistente T\u00e9cnico\/a en la Direcci\u00f3n General de Turismo<\/p>\n\n\n\n<p><strong>2. Objetivo del cargo<\/strong><\/p>\n\n\n\n<p>Brindar apoyo t\u00e9cnico, operativo y de coordinaci\u00f3n a la Direcci\u00f3n de Turismo, contribuyendo a la planificaci\u00f3n, ejecuci\u00f3n, seguimiento y evaluaci\u00f3n de pol\u00edticas, programas y proyectos tur\u00edsticos departamentales, fortaleciendo la articulaci\u00f3n interinstitucional, el desarrollo territorial y la calidad de la gesti\u00f3n p\u00fablica del turismo en el departamento de Rio Negro.<\/p>\n\n\n\n<p><strong>3. Principales responsabilidades y funciones<\/strong><\/p>\n\n\n\n<p>Apoyo a la planificaci\u00f3n y gesti\u00f3n<\/p>\n\n\n\n<p>Apoyar procesos de planificaci\u00f3n participativa y desarrollo tur\u00edstico local actualizaci\u00f3n y seguimiento de planes, programas y proyectos y acciones de desarrollo tur\u00edstico en el territorio.<\/p>\n\n\n\n<p>Colaborar en la preparaci\u00f3n de informes t\u00e9cnicos, diagn\u00f3sticos, relevamientos y sistematizaci\u00f3n de informaci\u00f3n.<\/p>\n\n\n\n<p>Realizar el apoyo y seguimiento t\u00e9cnico de los programas, proyectos y&nbsp; acciones en los destinos territoriales (1. Fray Bentos y Sitio Patriomonial, Las Ca\u00f1as; 2. Nuevo Berl\u00edn, San Javier-Puerto Viejo-Parque Nacional Esteros de Farrapos; 3. Young \u2013 P. de las Piedras \u2013 Algorta y otras localidades.<\/p>\n\n\n\n<p>Toda otra actividad encomendada relacionada al cumplimiento de los objetivos de las pol\u00edticas de Turismo de la Intendencia de Rio Negro.<\/p>\n\n\n\n<p><strong>4. Requisitos del cargo<\/strong><\/p>\n\n\n\n<p>Formaci\u00f3n:<\/p>\n\n\n\n<p>Estudios superiores &nbsp;(en curso o finalizada) en Turismo .<\/p>\n\n\n\n<p>Se valorar\u00e1:<\/p>\n\n\n\n<p>Experiencia previa en gesti\u00f3n tur\u00edstica, proyectos territoriales, gesti\u00f3n p\u00fablica, desarrollo local o \u00e1reas afines.<\/p>\n\n\n\n<p>Experiencia en trabajo con actores locales e institucionales.<\/p>\n\n\n\n<p>Experiencia en \u00e1reas vinculadas al turismo dentro de la Intendencia de R\u00edo Negro.<\/p>\n\n\n\n<p>Conocimientos:<\/p>\n\n\n\n<p>Turismo y desarrollo territorial.<\/p>\n\n\n\n<p>Herramientas b\u00e1sicas de planificaci\u00f3n y gesti\u00f3n de proyectos.<\/p>\n\n\n\n<p>Conocimiento del territorio departamental y su oferta tur\u00edstica.<\/p>\n\n\n\n<p>Manejo de herramientas inform\u00e1ticas.<\/p>\n\n\n\n<p><strong>5. Competencias y habilidades<\/strong><\/p>\n\n\n\n<p>Capacidad de organizaci\u00f3n y planificaci\u00f3n.<\/p>\n\n\n\n<p>Buenas habilidades de comunicaci\u00f3n oral y escrita.<\/p>\n\n\n\n<p>Capacidad de trabajo en equipo y articulaci\u00f3n interinstitucional.<\/p>\n\n\n\n<p>Proactividad, responsabilidad y compromiso con la funci\u00f3n p\u00fablica.<\/p>\n\n\n\n<p>Capacidad de an\u00e1lisis y resoluci\u00f3n de problemas.<\/p>\n\n\n\n<p><strong>6. <\/strong><strong>Condiciones del cargo<\/strong><\/p>\n\n\n\n<p>R\u00e9gimen y carga horaria: de&nbsp; lunes a viernes&nbsp; de 8:00 a 14:00hs.<\/p>\n\n\n\n<p>Modalidad: presencial, con disponibilidad para traslados dentro del departamento,<\/p>\n\n\n\n<p>Remuneraci\u00f3n: Arrendamiento de servicios equiparado a NTP09,&nbsp; $ 49.029 m\u00e1s IVA.<\/p>\n\n\n\n<p><strong>7. Proceso de Selecci\u00f3n<\/strong><\/p>\n\n\n\n<p>Se realizar\u00e1 preselecci\u00f3n de acuerdo al an\u00e1lisis de CV y cumplimiento de requisitos.&nbsp; Los preseleccionados pasar\u00e1n a entrevista.<\/p>\n\n\n\n<p>Los \u00edtem ser\u00e1n valorados de acuerdo al siguiente cuadro de puntuaci\u00f3n:<\/p>\n\n\n\n<figure class=\"wp-block-table\"><table class=\"has-fixed-layout\"><tbody><tr><td>Formaci\u00f3n<\/td><td>Experiencia<\/td><td>Radicaci\u00f3n<\/td><td>Entrevista<\/td><td>Total<\/td><\/tr><tr><td>35<\/td><td>25<\/td><td>10<\/td><td>30<\/td><td>100<\/td><\/tr><\/tbody><\/table><\/figure>\n\n\n\n<p>Los\/as interesados\/as presentar documentaci\u00f3n que acredite requisitos a <a href=\"mailto:rrhh@rionegro.gub.uy\">rrhh@rionegro.gub.uy<\/a> desde el 28 de abril al 12 de mayo inclusive, o de forma presencial en Oficinas de RRHH Fray Bentos, 25 de Mayo 3242 de 8:00 a 14:00hs.<\/p>\n\n\n\n<p><\/p>\n\n\n\n<p><\/p>\n","protected":false},"excerpt":{"rendered":"<p>La Intendencia de R\u00edo Negro efect\u00faa llamado externo a Asistente en Turismo para desempe\u00f1arse en tareas dependientes de la Direcci\u00f3n de Turismo. 1. Denominaci\u00f3n del<\/p>\n","protected":false},"author":1,"featured_media":10391,"comment_status":"closed","ping_status":"open","sticky":false,"template":"","format":"standard","meta":{"advgb_blocks_editor_width":"","advgb_blocks_columns_visual_guide":"","footnotes":"","jetpack_publicize_message":"La Intendencia de R\u00edo Negro efect\u00faa llamado externo a Asistente en Turismo para desempe\u00f1arse en tareas dependientes de la Direcci\u00f3n de Turismo...Lee la nota completa\ud83d\udc47","jetpack_publicize_feature_enabled":true,"jetpack_social_post_already_shared":false,"jetpack_social_options":{"image_generator_settings":{"template":"highway","default_image_id":0,"font":"","enabled":false},"version":2}},"categories":[1],"tags":[],"class_list":["post-10390","post","type-post","status-publish","format-standard","has-post-thumbnail","hentry","category-portada"],"author_meta":{"display_name":"Portal","author_link":"https:\/\/portaldeyoung.uy\/index.php\/author\/admin_port\/"},"featured_img":"https:\/\/portaldeyoung.uy\/wp-content\/uploads\/2026\/04\/tecnico-turismo-300x169.jpg","jetpack_publicize_connections":[],"coauthors":[],"tax_additional":{"categories":{"linked":["<a href=\"https:\/\/portaldeyoung.uy\/index.php\/category\/portada\/\" class=\"advgb-post-tax-term\">Portada<\/a>"],"unlinked":["<span class=\"advgb-post-tax-term\">Portada<\/span>"]}},"comment_count":"0","relative_dates":{"created":"Publicado 12 horas hace","modified":"Actualizado 12 horas hace"},"absolute_dates":{"created":"Publicado el abril 28, 2026","modified":"Actualizado el abril 28, 2026"},"absolute_dates_time":{"created":"Publicado el abril 28, 2026 4:18 pm","modified":"Actualizado el abril 28, 2026 4:18 pm"},"featured_img_caption":"","series_order":"","_links":{"self":[{"href":"https:\/\/portaldeyoung.uy\/index.php\/wp-json\/wp\/v2\/posts\/10390","targetHints":{"allow":["GET"]}}],"collection":[{"href":"https:\/\/portaldeyoung.uy\/index.php\/wp-json\/wp\/v2\/posts"}],"about":[{"href":"https:\/\/portaldeyoung.uy\/index.php\/wp-json\/wp\/v2\/types\/post"}],"author":[{"embeddable":true,"href":"https:\/\/portaldeyoung.uy\/index.php\/wp-json\/wp\/v2\/users\/1"}],"replies":[{"embeddable":true,"href":"https:\/\/portaldeyoung.uy\/index.php\/wp-json\/wp\/v2\/comments?post=10390"}],"version-history":[{"count":1,"href":"https:\/\/portaldeyoung.uy\/index.php\/wp-json\/wp\/v2\/posts\/10390\/revisions"}],"predecessor-version":[{"id":10392,"href":"https:\/\/portaldeyoung.uy\/index.php\/wp-json\/wp\/v2\/posts\/10390\/revisions\/10392"}],"wp:featuredmedia":[{"embeddable":true,"href":"https:\/\/portaldeyoung.uy\/index.php\/wp-json\/wp\/v2\/media\/10391"}],"wp:attachment":[{"href":"https:\/\/portaldeyoung.uy\/index.php\/wp-json\/wp\/v2\/media?parent=10390"}],"wp:term":[{"taxonomy":"category","embeddable":true,"href":"https:\/\/portaldeyoung.uy\/index.php\/wp-json\/wp\/v2\/categories?post=10390"},{"taxonomy":"post_tag","embeddable":true,"href":"https:\/\/portaldeyoung.uy\/index.php\/wp-json\/wp\/v2\/tags?post=10390"}],"curies":[{"name":"wp","href":"https:\/\/api.w.org\/{rel}","templated":true}]}}