{"id":10385,"date":"2026-04-28T15:52:28","date_gmt":"2026-04-28T18:52:28","guid":{"rendered":"https:\/\/portaldeyoung.uy\/?p=10385"},"modified":"2026-04-28T15:52:30","modified_gmt":"2026-04-28T18:52:30","slug":"fray-bentos-recapturan-a-recluso-fugado-y-detienen-a-joven-por-danos-en-seccional","status":"publish","type":"post","link":"https:\/\/portaldeyoung.uy\/index.php\/2026\/04\/28\/fray-bentos-recapturan-a-recluso-fugado-y-detienen-a-joven-por-danos-en-seccional\/","title":{"rendered":"Fray Bentos: recapturan a recluso fugado y detienen a joven por da\u00f1os en seccional"},"content":{"rendered":"\n<p>Dos hechos policiales se registraron en las \u00faltimas horas en la ciudad de Fray Bentos, de acuerdo al informe emitido por la Jefatura de Polic\u00eda de R\u00edo Negro.<\/p>\n\n\n\n<p>En el primero de los casos, personal policial logr\u00f3 recapturar a una Persona Privada de Libertad (PPL) que se hab\u00eda fugado de la Unidad N\u00b011 \u201cCa\u00f1itas\u201d. Tras recibirse la comunicaci\u00f3n de la evasi\u00f3n, se despleg\u00f3 un operativo con participaci\u00f3n de distintas dependencias policiales, que culmin\u00f3 con la detenci\u00f3n del recluso, identificado por sus iniciales M.U.C.M.<\/p>\n\n\n\n<p>Seg\u00fan se inform\u00f3, el individuo se encontraba recluido desde marzo de 2026, cumpliendo condena por siete delitos de hurto y uno de lesiones graves. Luego de las actuaciones administrativas correspondientes, fue reintegrado al centro de reclusi\u00f3n.<\/p>\n\n\n\n<hr class=\"wp-block-separator has-alpha-channel-opacity\"\/>\n\n\n\n<p><strong>Detenido por provocar da\u00f1os en dependencia policial<\/strong><\/p>\n\n\n\n<p>En otro procedimiento, un joven mayor de edad fue detenido luego de ocasionar da\u00f1os en la Seccional Segunda de Fray Bentos.<\/p>\n\n\n\n<p>El hecho se produjo cuando el individuo, que hab\u00eda sido trasladado desde la Comisar\u00eda Especializada en Violencia Dom\u00e9stica y de G\u00e9nero para averiguaciones, comenz\u00f3 a golpear con pu\u00f1os y patadas la puerta de ingreso de la dependencia policial. A pesar de los intentos del personal por calmarlo, el sujeto continu\u00f3 con su actitud, profiriendo adem\u00e1s insultos y agravios hacia los funcionarios.<\/p>\n\n\n\n<p>Enterada la fiscal Dra. Ana Mart\u00ednez, dispuso que el individuo ingresara en calidad de detenido, estableciendo adem\u00e1s las actuaciones correspondientes. Posteriormente, fue conducido al Juzgado Letrado de Fray Bentos, donde el juez de turno resolvi\u00f3 que permanezca detenido hasta la instancia de audiencia.<\/p>\n\n\n\n<p>El caso contin\u00faa en proceso y se ampliar\u00e1 informaci\u00f3n en las pr\u00f3ximas horas.<\/p>\n","protected":false},"excerpt":{"rendered":"<p>Dos hechos policiales se registraron en las \u00faltimas horas en la ciudad de Fray Bentos, de acuerdo al informe emitido por la Jefatura de Polic\u00eda<\/p>\n","protected":false},"author":1,"featured_media":9587,"comment_status":"closed","ping_status":"open","sticky":false,"template":"","format":"standard","meta":{"advgb_blocks_editor_width":"","advgb_blocks_columns_visual_guide":"","footnotes":"","jetpack_publicize_message":"Dos hechos policiales se registraron en las \u00faltimas horas en la ciudad de Fray Bentos, de acuerdo al informe emitido por la Jefatura de Polic\u00eda de R\u00edo Negro...Lee la nota completa\ud83d\udc47","jetpack_publicize_feature_enabled":true,"jetpack_social_post_already_shared":false,"jetpack_social_options":{"image_generator_settings":{"template":"highway","default_image_id":0,"font":"","enabled":false},"version":2}},"categories":[6],"tags":[],"class_list":["post-10385","post","type-post","status-publish","format-standard","has-post-thumbnail","hentry","category-del-departamento"],"author_meta":{"display_name":"Portal","author_link":"https:\/\/portaldeyoung.uy\/index.php\/author\/admin_port\/"},"featured_img":"https:\/\/portaldeyoung.uy\/wp-content\/uploads\/2026\/03\/policia-77-300x196.png","jetpack_publicize_connections":[],"coauthors":[],"tax_additional":{"categories":{"linked":["<a href=\"https:\/\/portaldeyoung.uy\/index.php\/category\/del-departamento\/\" class=\"advgb-post-tax-term\">Del departamento<\/a>"],"unlinked":["<span class=\"advgb-post-tax-term\">Del departamento<\/span>"]}},"comment_count":"0","relative_dates":{"created":"Publicado 12 horas hace","modified":"Actualizado 12 horas hace"},"absolute_dates":{"created":"Publicado el abril 28, 2026","modified":"Actualizado el abril 28, 2026"},"absolute_dates_time":{"created":"Publicado el abril 28, 2026 3:52 pm","modified":"Actualizado el abril 28, 2026 3:52 pm"},"featured_img_caption":"","series_order":"","_links":{"self":[{"href":"https:\/\/portaldeyoung.uy\/index.php\/wp-json\/wp\/v2\/posts\/10385","targetHints":{"allow":["GET"]}}],"collection":[{"href":"https:\/\/portaldeyoung.uy\/index.php\/wp-json\/wp\/v2\/posts"}],"about":[{"href":"https:\/\/portaldeyoung.uy\/index.php\/wp-json\/wp\/v2\/types\/post"}],"author":[{"embeddable":true,"href":"https:\/\/portaldeyoung.uy\/index.php\/wp-json\/wp\/v2\/users\/1"}],"replies":[{"embeddable":true,"href":"https:\/\/portaldeyoung.uy\/index.php\/wp-json\/wp\/v2\/comments?post=10385"}],"version-history":[{"count":1,"href":"https:\/\/portaldeyoung.uy\/index.php\/wp-json\/wp\/v2\/posts\/10385\/revisions"}],"predecessor-version":[{"id":10386,"href":"https:\/\/portaldeyoung.uy\/index.php\/wp-json\/wp\/v2\/posts\/10385\/revisions\/10386"}],"wp:featuredmedia":[{"embeddable":true,"href":"https:\/\/portaldeyoung.uy\/index.php\/wp-json\/wp\/v2\/media\/9587"}],"wp:attachment":[{"href":"https:\/\/portaldeyoung.uy\/index.php\/wp-json\/wp\/v2\/media?parent=10385"}],"wp:term":[{"taxonomy":"category","embeddable":true,"href":"https:\/\/portaldeyoung.uy\/index.php\/wp-json\/wp\/v2\/categories?post=10385"},{"taxonomy":"post_tag","embeddable":true,"href":"https:\/\/portaldeyoung.uy\/index.php\/wp-json\/wp\/v2\/tags?post=10385"}],"curies":[{"name":"wp","href":"https:\/\/api.w.org\/{rel}","templated":true}]}}