{"id":10379,"date":"2026-04-28T15:40:57","date_gmt":"2026-04-28T18:40:57","guid":{"rendered":"https:\/\/portaldeyoung.uy\/?p=10379"},"modified":"2026-04-28T15:40:59","modified_gmt":"2026-04-28T18:40:59","slug":"homicidio-del-bebe-la-policia-incauto-el-auto-en-el-que-se-desplazaban-los-atacantes","status":"publish","type":"post","link":"https:\/\/portaldeyoung.uy\/index.php\/2026\/04\/28\/homicidio-del-bebe-la-policia-incauto-el-auto-en-el-que-se-desplazaban-los-atacantes\/","title":{"rendered":"Homicidio del beb\u00e9: la Polic\u00eda incaut\u00f3 el auto en el que se desplazaban los atacantes"},"content":{"rendered":"\n<p>Tras el asesinato en Col\u00f3n, el auto fue ubicado en Verdisol. Es un hallazgo relevante, teniendo en cuenta pericias en busca de huellas dactilares e indicios.<\/p>\n\n\n\n<p id=\"p-1777335452784-1327\">Un beb\u00e9 de un a\u00f1o y medio fue asesinado durante un ataque a tiros en Col\u00f3n, a \u00faltima hora de la tarde de este lunes. El menor fue asistido en un centro m\u00e9dico de la zona, pero muri\u00f3 a ra\u00edz de las heridas.<\/p>\n\n\n\n<p id=\"p-1777335452784-96223\">La v\u00edctima recibi\u00f3 un disparo en la cabeza cuando viajaba con su padre, de 21 a\u00f1os, en un auto Volkswagen Vento rojo. Ambos fueron atacados a balazos en Pasaje J y Aparicio Saravia. Los tiradores se desplazaban en otro veh\u00edculo, seg\u00fan las primeras informaciones que maneja la Polic\u00eda y a las que accedi\u00f3 <em>Subrayado<\/em>.<\/p>\n\n\n\n<p id=\"p-1777335452784-78387\">Tras el ataque, el joven condujo hasta un supermercado ubicado en Eduardo Ra\u00edz y Eugenio Garz\u00f3n para pedir ayuda. En el lugar qued\u00f3 el veh\u00edculo, y en el parabrisas se observan al menos siete impactos de bala. El padre tambi\u00e9n result\u00f3 herido.<\/p>\n\n\n\n<p id=\"p-1777335452784-87050\">Las dos v\u00edctimas fueron trasladadas a una mutualista en Col\u00f3n, donde se confirm\u00f3 la muerte del menor. En tanto, el padre recibi\u00f3 balazos en un brazo, en un hombro y en un o\u00eddo.<\/p>\n\n\n\n<p id=\"p-1777335452784-83281\">La escena del ataque fue en Pasaje J y Aparicio Saravia, a unos diez minutos de donde fue encontrado el auto. En ese lugar, la Polic\u00eda incaut\u00f3 varios casquillos.<\/p>\n\n\n\n<p id=\"p-1777335452784-64883\">La investigaci\u00f3n qued\u00f3 a cargo del Departamento de Homicidios, junto con la Fiscal\u00eda especializada. Por estas horas, los investigadores analizan c\u00e1maras de videovigilancia y recogen testimonios para determinar el m\u00f3vil del crimen e identificar a los responsables, que se mantienen pr\u00f3fugos.<\/p>\n","protected":false},"excerpt":{"rendered":"<p>Tras el asesinato en Col\u00f3n, el auto fue ubicado en Verdisol. Es un hallazgo relevante, teniendo en cuenta pericias en busca de huellas dactilares e<\/p>\n","protected":false},"author":1,"featured_media":10380,"comment_status":"closed","ping_status":"open","sticky":false,"template":"","format":"standard","meta":{"advgb_blocks_editor_width":"","advgb_blocks_columns_visual_guide":"","footnotes":"","jetpack_publicize_message":"Un beb\u00e9 de un a\u00f1o y medio fue asesinado durante un ataque a tiros en Col\u00f3n, a \u00faltima hora de la tarde de este lunes. El menor fue asistido en ...Lee la nota completa\ud83d\udc47","jetpack_publicize_feature_enabled":true,"jetpack_social_post_already_shared":false,"jetpack_social_options":{"image_generator_settings":{"template":"highway","default_image_id":0,"font":"","enabled":false},"version":2}},"categories":[7],"tags":[],"class_list":["post-10379","post","type-post","status-publish","format-standard","has-post-thumbnail","hentry","category-del-pais"],"author_meta":{"display_name":"Portal","author_link":"https:\/\/portaldeyoung.uy\/index.php\/author\/admin_port\/"},"featured_img":"https:\/\/portaldeyoung.uy\/wp-content\/uploads\/2026\/04\/bebe-asesinado-auto-300x193.png","jetpack_publicize_connections":[],"coauthors":[],"tax_additional":{"categories":{"linked":["<a href=\"https:\/\/portaldeyoung.uy\/index.php\/category\/del-pais\/\" class=\"advgb-post-tax-term\">Del pa\u00eds<\/a>"],"unlinked":["<span class=\"advgb-post-tax-term\">Del pa\u00eds<\/span>"]}},"comment_count":"0","relative_dates":{"created":"Publicado 10 horas hace","modified":"Actualizado 10 horas hace"},"absolute_dates":{"created":"Publicado el abril 28, 2026","modified":"Actualizado el abril 28, 2026"},"absolute_dates_time":{"created":"Publicado el abril 28, 2026 3:40 pm","modified":"Actualizado el abril 28, 2026 3:40 pm"},"featured_img_caption":"","series_order":"","_links":{"self":[{"href":"https:\/\/portaldeyoung.uy\/index.php\/wp-json\/wp\/v2\/posts\/10379","targetHints":{"allow":["GET"]}}],"collection":[{"href":"https:\/\/portaldeyoung.uy\/index.php\/wp-json\/wp\/v2\/posts"}],"about":[{"href":"https:\/\/portaldeyoung.uy\/index.php\/wp-json\/wp\/v2\/types\/post"}],"author":[{"embeddable":true,"href":"https:\/\/portaldeyoung.uy\/index.php\/wp-json\/wp\/v2\/users\/1"}],"replies":[{"embeddable":true,"href":"https:\/\/portaldeyoung.uy\/index.php\/wp-json\/wp\/v2\/comments?post=10379"}],"version-history":[{"count":1,"href":"https:\/\/portaldeyoung.uy\/index.php\/wp-json\/wp\/v2\/posts\/10379\/revisions"}],"predecessor-version":[{"id":10381,"href":"https:\/\/portaldeyoung.uy\/index.php\/wp-json\/wp\/v2\/posts\/10379\/revisions\/10381"}],"wp:featuredmedia":[{"embeddable":true,"href":"https:\/\/portaldeyoung.uy\/index.php\/wp-json\/wp\/v2\/media\/10380"}],"wp:attachment":[{"href":"https:\/\/portaldeyoung.uy\/index.php\/wp-json\/wp\/v2\/media?parent=10379"}],"wp:term":[{"taxonomy":"category","embeddable":true,"href":"https:\/\/portaldeyoung.uy\/index.php\/wp-json\/wp\/v2\/categories?post=10379"},{"taxonomy":"post_tag","embeddable":true,"href":"https:\/\/portaldeyoung.uy\/index.php\/wp-json\/wp\/v2\/tags?post=10379"}],"curies":[{"name":"wp","href":"https:\/\/api.w.org\/{rel}","templated":true}]}}