{"id":10376,"date":"2026-04-28T15:38:02","date_gmt":"2026-04-28T18:38:02","guid":{"rendered":"https:\/\/portaldeyoung.uy\/?p=10376"},"modified":"2026-04-28T15:38:05","modified_gmt":"2026-04-28T18:38:05","slug":"mayo-amarillo-se-lanzo-la-campana-2026-en-el-transito-ver-al-otro-es-salvar-vidas","status":"publish","type":"post","link":"https:\/\/portaldeyoung.uy\/index.php\/2026\/04\/28\/mayo-amarillo-se-lanzo-la-campana-2026-en-el-transito-ver-al-otro-es-salvar-vidas\/","title":{"rendered":"Mayo amarillo: se lanz\u00f3 la campa\u00f1a 2026 \u201cEn el tr\u00e1nsito, ver al otro es salvar vidas\u201d"},"content":{"rendered":"\n<p>Se trata de un movimiento internacional con el objetivo de prevenir los accidentes de tr\u00e1nsito, que tiene a Unasev como anfitri\u00f3n en nuestro pa\u00eds.<\/p>\n\n\n\n<p>\u00abLos usuarios m\u00e1s vulnerables del tr\u00e1nsito (motociclistas, ciclistas, peatones) representan una proporci\u00f3n creciente de las v\u00edctimas de siniestros viales, y sin embargo siguen siendo los menos visibles en la v\u00eda p\u00fablica\u00bb, se\u00f1ala la campa\u00f1a internacional de Mayo Amarillo 2026, lanzada este lunes con Unasev como anfitri\u00f3n en nuestro pa\u00eds.<\/p>\n\n\n\n<p>De acuerdo con datos de 2025, en el pa\u00eds fallecieron 471 personas en siniestros de tr\u00e1nsito. Los motociclistas representaron m\u00e1s de la mitad de esas muertes. En particular, en el interior, dos de cada tres v\u00edctimas fatales se desplazaban en moto, seg\u00fan el relevamiento de Unasev.<\/p>\n\n\n\n<p>\u00abEl lema nos invita a un gesto simple pero transformador: ver al otro. Ver al motociclista que circula a nuestro lado, al peat\u00f3n que cruza, al ciclista que comparte la calzada. Porque cuando reconocemos al otro como persona, con su vida y su historia, nuestro comportamiento en el tr\u00e1nsito cambia. Ver al otro es un acto de empat\u00eda, de atenci\u00f3n y de responsabilidad compartida\u00bb, agrega la informaci\u00f3n oficial.<\/p>\n\n\n\n<p>En Uruguay este a\u00f1o, en el marco de la campa\u00f1a \u201cEn el tr\u00e1nsito, ver al otro es salvar vidas\u201d, habr\u00e1 m\u00e1s de 140 actividades en todo el pa\u00eds, con propuestas de educaci\u00f3n y concientizaci\u00f3n llevadas a cabo por empresas, centros culturales,&nbsp; organizaciones no gubernamentales, ministerios y gobiernos locales.<\/p>\n\n\n\n<p>Al respecto, Marcelo Metediera, destac\u00f3 que el a\u00f1o pasado no se hab\u00eda llegado a superar las 50 propuestas. \u00abVenimos avanzado en el debate de la seguridad vial en el pa\u00eds\u00bb, dijo el presidente de Unasev.<\/p>\n\n\n\n<p><a href=\"https:\/\/www.gub.uy\/unidad-nacional-seguridad-vial\/sites\/unidad-nacional-seguridad-vial\/files\/documentos\/noticias\/CRONOGRAMA%20MAYO%20AMARILLO_27_04.xlsx\">CRONOGRAMA DE ACTIVIDADES &#8211; MAYO AMARILLO 2026.<\/a><\/p>\n","protected":false},"excerpt":{"rendered":"<p>Se trata de un movimiento internacional con el objetivo de prevenir los accidentes de tr\u00e1nsito, que tiene a Unasev como anfitri\u00f3n en nuestro pa\u00eds. \u00abLos<\/p>\n","protected":false},"author":1,"featured_media":10377,"comment_status":"closed","ping_status":"open","sticky":false,"template":"","format":"standard","meta":{"advgb_blocks_editor_width":"","advgb_blocks_columns_visual_guide":"","footnotes":"","jetpack_publicize_message":"Se trata de un movimiento internacional con el objetivo de prevenir los accidentes de tr\u00e1nsito, que tiene a Unasev como anfitri\u00f3n en nuestro pa\u00eds...Lee la nota completa\ud83d\udc47","jetpack_publicize_feature_enabled":true,"jetpack_social_post_already_shared":false,"jetpack_social_options":{"image_generator_settings":{"template":"highway","default_image_id":0,"font":"","enabled":false},"version":2}},"categories":[7],"tags":[],"class_list":["post-10376","post","type-post","status-publish","format-standard","has-post-thumbnail","hentry","category-del-pais"],"author_meta":{"display_name":"Portal","author_link":"https:\/\/portaldeyoung.uy\/index.php\/author\/admin_port\/"},"featured_img":"https:\/\/portaldeyoung.uy\/wp-content\/uploads\/2026\/04\/mayo-amarillo-300x156.png","jetpack_publicize_connections":[],"coauthors":[],"tax_additional":{"categories":{"linked":["<a href=\"https:\/\/portaldeyoung.uy\/index.php\/category\/del-pais\/\" class=\"advgb-post-tax-term\">Del pa\u00eds<\/a>"],"unlinked":["<span class=\"advgb-post-tax-term\">Del pa\u00eds<\/span>"]}},"comment_count":"0","relative_dates":{"created":"Publicado 10 horas hace","modified":"Actualizado 10 horas hace"},"absolute_dates":{"created":"Publicado el abril 28, 2026","modified":"Actualizado el abril 28, 2026"},"absolute_dates_time":{"created":"Publicado el abril 28, 2026 3:38 pm","modified":"Actualizado el abril 28, 2026 3:38 pm"},"featured_img_caption":"","series_order":"","_links":{"self":[{"href":"https:\/\/portaldeyoung.uy\/index.php\/wp-json\/wp\/v2\/posts\/10376","targetHints":{"allow":["GET"]}}],"collection":[{"href":"https:\/\/portaldeyoung.uy\/index.php\/wp-json\/wp\/v2\/posts"}],"about":[{"href":"https:\/\/portaldeyoung.uy\/index.php\/wp-json\/wp\/v2\/types\/post"}],"author":[{"embeddable":true,"href":"https:\/\/portaldeyoung.uy\/index.php\/wp-json\/wp\/v2\/users\/1"}],"replies":[{"embeddable":true,"href":"https:\/\/portaldeyoung.uy\/index.php\/wp-json\/wp\/v2\/comments?post=10376"}],"version-history":[{"count":1,"href":"https:\/\/portaldeyoung.uy\/index.php\/wp-json\/wp\/v2\/posts\/10376\/revisions"}],"predecessor-version":[{"id":10378,"href":"https:\/\/portaldeyoung.uy\/index.php\/wp-json\/wp\/v2\/posts\/10376\/revisions\/10378"}],"wp:featuredmedia":[{"embeddable":true,"href":"https:\/\/portaldeyoung.uy\/index.php\/wp-json\/wp\/v2\/media\/10377"}],"wp:attachment":[{"href":"https:\/\/portaldeyoung.uy\/index.php\/wp-json\/wp\/v2\/media?parent=10376"}],"wp:term":[{"taxonomy":"category","embeddable":true,"href":"https:\/\/portaldeyoung.uy\/index.php\/wp-json\/wp\/v2\/categories?post=10376"},{"taxonomy":"post_tag","embeddable":true,"href":"https:\/\/portaldeyoung.uy\/index.php\/wp-json\/wp\/v2\/tags?post=10376"}],"curies":[{"name":"wp","href":"https:\/\/api.w.org\/{rel}","templated":true}]}}