{"id":10371,"date":"2026-04-28T15:28:29","date_gmt":"2026-04-28T18:28:29","guid":{"rendered":"https:\/\/portaldeyoung.uy\/?p=10371"},"modified":"2026-04-28T15:28:32","modified_gmt":"2026-04-28T18:28:32","slug":"el-domingo-sera-el-dia-mas-frio-en-lo-que-va-del-ano","status":"publish","type":"post","link":"https:\/\/portaldeyoung.uy\/index.php\/2026\/04\/28\/el-domingo-sera-el-dia-mas-frio-en-lo-que-va-del-ano\/","title":{"rendered":"El domingo ser\u00e1 el d\u00eda m\u00e1s fr\u00edo en lo que va del a\u00f1o"},"content":{"rendered":"\n<p>Para el 1 de mayo Inumet prev\u00e9 lluvias para el norte del pa\u00eds.<\/p>\n\n\n\n<p>Esta va a ser la semana m\u00e1s fr\u00eda desde que comenz\u00f3 el a\u00f1o y el domingo ser\u00e1 el d\u00eda m\u00e1s fr\u00edo con m\u00ednimas de tres grados en Montevideo y de menos dos a dos en el interior del pa\u00eds, dijo a <em><strong>Informativo Uruguay<\/strong><\/em> el director del \u00e1rea meteorolog\u00eda y clima para la sociedad del Instituto Uruguayo de Meteorolog\u00eda, N\u00e9stor Santayana.<\/p>\n\n\n\n<p>Adem\u00e1s, Santayana anunci\u00f3 que este viernes 1 de mayo est\u00e1n previstas lluvias para el norte del pa\u00eds, no as\u00ed para el resto del territorio.<\/p>\n\n\n\n<p>El meteor\u00f3logo de Inumet explic\u00f3 a<em><strong> Informativo Uruguay<\/strong> <\/em>que los ciclones, como el que ocurri\u00f3 el lunes de noche y el del 7 de abril en el sur del pa\u00eds, no son at\u00edpicos ocurren una vez por semana, pero no siempre afectan directamente como en estos casos, explic\u00f3 a Informativo Uruguay el director del \u00e1rea meteorolog\u00eda y clima para la sociedad del Instituto Uruguayo de Meteorolog\u00eda, N\u00e9stor Santayana.<\/p>\n\n\n\n<p>Cont\u00f3 que los ciclones se pueden predecir con siete d\u00edas de anticipaci\u00f3n y que esta semana habr\u00e1 otro \u201cmuy al extremo sur del continente\u201d, pero no va a tener ning\u00fan impacto en Uruguay.<\/p>\n\n\n\n<p><em>*Texto: Mar\u00eda Eugenia Lima<\/em><\/p>\n","protected":false},"excerpt":{"rendered":"<p>Para el 1 de mayo Inumet prev\u00e9 lluvias para el norte del pa\u00eds. Esta va a ser la semana m\u00e1s fr\u00eda desde que comenz\u00f3 el<\/p>\n","protected":false},"author":1,"featured_media":370,"comment_status":"closed","ping_status":"open","sticky":false,"template":"","format":"standard","meta":{"advgb_blocks_editor_width":"","advgb_blocks_columns_visual_guide":"","footnotes":"","jetpack_publicize_message":"Para el 1 de mayo Inumet prev\u00e9 lluvias para el norte del pa\u00eds...Lee la nota completa\ud83d\udc47","jetpack_publicize_feature_enabled":true,"jetpack_social_post_already_shared":false,"jetpack_social_options":{"image_generator_settings":{"template":"highway","default_image_id":0,"font":"","enabled":false},"version":2}},"categories":[7],"tags":[],"class_list":["post-10371","post","type-post","status-publish","format-standard","has-post-thumbnail","hentry","category-del-pais"],"author_meta":{"display_name":"Portal","author_link":"https:\/\/portaldeyoung.uy\/index.php\/author\/admin_port\/"},"featured_img":"https:\/\/portaldeyoung.uy\/wp-content\/uploads\/2025\/06\/frio-invierno-300x199.jpg","jetpack_publicize_connections":[],"coauthors":[],"tax_additional":{"categories":{"linked":["<a href=\"https:\/\/portaldeyoung.uy\/index.php\/category\/del-pais\/\" class=\"advgb-post-tax-term\">Del pa\u00eds<\/a>"],"unlinked":["<span class=\"advgb-post-tax-term\">Del pa\u00eds<\/span>"]}},"comment_count":"0","relative_dates":{"created":"Publicado 12 horas hace","modified":"Actualizado 12 horas hace"},"absolute_dates":{"created":"Publicado el abril 28, 2026","modified":"Actualizado el abril 28, 2026"},"absolute_dates_time":{"created":"Publicado el abril 28, 2026 3:28 pm","modified":"Actualizado el abril 28, 2026 3:28 pm"},"featured_img_caption":"URUGUAY\/ MONTEVIDEO\/  Plaza Independencia\/ Invirno en la ciudad de Montevideo. \nEn la foto:  Tarde de Invierno en la Plaza Independencia de Montevideo. Foto: Javier Calvelo \/ adhocFotos\n2010-07-22 dia jueves\nadhocFotos","series_order":"","_links":{"self":[{"href":"https:\/\/portaldeyoung.uy\/index.php\/wp-json\/wp\/v2\/posts\/10371","targetHints":{"allow":["GET"]}}],"collection":[{"href":"https:\/\/portaldeyoung.uy\/index.php\/wp-json\/wp\/v2\/posts"}],"about":[{"href":"https:\/\/portaldeyoung.uy\/index.php\/wp-json\/wp\/v2\/types\/post"}],"author":[{"embeddable":true,"href":"https:\/\/portaldeyoung.uy\/index.php\/wp-json\/wp\/v2\/users\/1"}],"replies":[{"embeddable":true,"href":"https:\/\/portaldeyoung.uy\/index.php\/wp-json\/wp\/v2\/comments?post=10371"}],"version-history":[{"count":1,"href":"https:\/\/portaldeyoung.uy\/index.php\/wp-json\/wp\/v2\/posts\/10371\/revisions"}],"predecessor-version":[{"id":10372,"href":"https:\/\/portaldeyoung.uy\/index.php\/wp-json\/wp\/v2\/posts\/10371\/revisions\/10372"}],"wp:featuredmedia":[{"embeddable":true,"href":"https:\/\/portaldeyoung.uy\/index.php\/wp-json\/wp\/v2\/media\/370"}],"wp:attachment":[{"href":"https:\/\/portaldeyoung.uy\/index.php\/wp-json\/wp\/v2\/media?parent=10371"}],"wp:term":[{"taxonomy":"category","embeddable":true,"href":"https:\/\/portaldeyoung.uy\/index.php\/wp-json\/wp\/v2\/categories?post=10371"},{"taxonomy":"post_tag","embeddable":true,"href":"https:\/\/portaldeyoung.uy\/index.php\/wp-json\/wp\/v2\/tags?post=10371"}],"curies":[{"name":"wp","href":"https:\/\/api.w.org\/{rel}","templated":true}]}}