{"id":10363,"date":"2026-04-27T11:55:27","date_gmt":"2026-04-27T14:55:27","guid":{"rendered":"https:\/\/portaldeyoung.uy\/?p=10363"},"modified":"2026-04-27T11:59:15","modified_gmt":"2026-04-27T14:59:15","slug":"dos-siniestros-de-transito-en-young-informacion-preliminar-aportada-por-lectores-video","status":"publish","type":"post","link":"https:\/\/portaldeyoung.uy\/index.php\/2026\/04\/27\/dos-siniestros-de-transito-en-young-informacion-preliminar-aportada-por-lectores-video\/","title":{"rendered":"Dos siniestros de tr\u00e1nsito en Young: informaci\u00f3n preliminar aportada por lectores (Video)"},"content":{"rendered":"\n<p>Nuevamente, atentos lectores del <strong><em>Portal de Young<\/em><\/strong> hicieron llegar a este medio informaci\u00f3n e im\u00e1genes sobre siniestros de tr\u00e1nsito ocurridos en la ciudad, cuyos detalles a\u00fan no han sido confirmados oficialmente por la Jefatura de Polic\u00eda de R\u00edo Negro.<\/p>\n\n\n\n<p>Uno de los episodios se registr\u00f3 en la intersecci\u00f3n de 18 de Julio y Oribe. De acuerdo al material audiovisual proporcionado, un autom\u00f3vil habr\u00eda intentado girar en la esquina, sin que el conductor de una motocicleta advirtiera la maniobra, produci\u00e9ndose la colisi\u00f3n. Como consecuencia, la persona que circulaba en el birrodado result\u00f3 lesionada.<\/p>\n\n\n\n<p>Por otra parte, el pasado s\u00e1bado se produjo otro siniestro en calles Lavalleja y R\u00edo Negro (foto de portada), donde estuvieron involucrados una camioneta y una bicicleta. En este caso, el ciclista tambi\u00e9n sufri\u00f3 lesiones.<\/p>\n\n\n\n<p>Desde este medio se reitera que la informaci\u00f3n disponible hasta el momento es de car\u00e1cter extraoficial y surge de aportes de lectores. Se aguarda la comunicaci\u00f3n oficial de las autoridades para ampliar y confirmar los detalles de ambos hechos.<\/p>\n\n\n\n<figure class=\"wp-block-video\"><video height=\"480\" style=\"aspect-ratio: 848 \/ 480;\" width=\"848\" controls src=\"https:\/\/portaldeyoung.uy\/wp-content\/uploads\/2026\/04\/accidente-18-y-oribe-00-1.mp4\"><\/video><\/figure>\n","protected":false},"excerpt":{"rendered":"<p>Nuevamente, atentos lectores del Portal de Young hicieron llegar a este medio informaci\u00f3n e im\u00e1genes sobre siniestros de tr\u00e1nsito ocurridos en la ciudad, cuyos detalles<\/p>\n","protected":false},"author":1,"featured_media":10366,"comment_status":"closed","ping_status":"open","sticky":false,"template":"","format":"standard","meta":{"advgb_blocks_editor_width":"","advgb_blocks_columns_visual_guide":"","footnotes":"","jetpack_publicize_message":"Nuevamente, atentos lectores del Portal de Young hicieron llegar a este medio informaci\u00f3n e im\u00e1genes sobre siniestros de tr\u00e1nsito ocurridos en la ciudad ...Lee la nota completa\ud83d\udc47","jetpack_publicize_feature_enabled":true,"jetpack_social_post_already_shared":false,"jetpack_social_options":{"image_generator_settings":{"template":"highway","default_image_id":0,"font":"","enabled":false},"version":2}},"categories":[1],"tags":[],"class_list":["post-10363","post","type-post","status-publish","format-standard","has-post-thumbnail","hentry","category-portada"],"author_meta":{"display_name":"Portal","author_link":"https:\/\/portaldeyoung.uy\/index.php\/author\/admin_port\/"},"featured_img":"https:\/\/portaldeyoung.uy\/wp-content\/uploads\/2026\/04\/accidente-lavalleja-y-rio-negro-300x150.jpeg","jetpack_publicize_connections":[],"coauthors":[],"tax_additional":{"categories":{"linked":["<a href=\"https:\/\/portaldeyoung.uy\/index.php\/category\/portada\/\" class=\"advgb-post-tax-term\">Portada<\/a>"],"unlinked":["<span class=\"advgb-post-tax-term\">Portada<\/span>"]}},"comment_count":"0","relative_dates":{"created":"Publicado 3 horas hace","modified":"Actualizado 3 horas hace"},"absolute_dates":{"created":"Publicado el abril 27, 2026","modified":"Actualizado el abril 27, 2026"},"absolute_dates_time":{"created":"Publicado el abril 27, 2026 11:55 am","modified":"Actualizado el abril 27, 2026 11:59 am"},"featured_img_caption":"","series_order":"","_links":{"self":[{"href":"https:\/\/portaldeyoung.uy\/index.php\/wp-json\/wp\/v2\/posts\/10363","targetHints":{"allow":["GET"]}}],"collection":[{"href":"https:\/\/portaldeyoung.uy\/index.php\/wp-json\/wp\/v2\/posts"}],"about":[{"href":"https:\/\/portaldeyoung.uy\/index.php\/wp-json\/wp\/v2\/types\/post"}],"author":[{"embeddable":true,"href":"https:\/\/portaldeyoung.uy\/index.php\/wp-json\/wp\/v2\/users\/1"}],"replies":[{"embeddable":true,"href":"https:\/\/portaldeyoung.uy\/index.php\/wp-json\/wp\/v2\/comments?post=10363"}],"version-history":[{"count":1,"href":"https:\/\/portaldeyoung.uy\/index.php\/wp-json\/wp\/v2\/posts\/10363\/revisions"}],"predecessor-version":[{"id":10367,"href":"https:\/\/portaldeyoung.uy\/index.php\/wp-json\/wp\/v2\/posts\/10363\/revisions\/10367"}],"wp:featuredmedia":[{"embeddable":true,"href":"https:\/\/portaldeyoung.uy\/index.php\/wp-json\/wp\/v2\/media\/10366"}],"wp:attachment":[{"href":"https:\/\/portaldeyoung.uy\/index.php\/wp-json\/wp\/v2\/media?parent=10363"}],"wp:term":[{"taxonomy":"category","embeddable":true,"href":"https:\/\/portaldeyoung.uy\/index.php\/wp-json\/wp\/v2\/categories?post=10363"},{"taxonomy":"post_tag","embeddable":true,"href":"https:\/\/portaldeyoung.uy\/index.php\/wp-json\/wp\/v2\/tags?post=10363"}],"curies":[{"name":"wp","href":"https:\/\/api.w.org\/{rel}","templated":true}]}}