{"id":10358,"date":"2026-04-27T09:51:52","date_gmt":"2026-04-27T12:51:52","guid":{"rendered":"https:\/\/portaldeyoung.uy\/?p=10358"},"modified":"2026-04-27T11:17:36","modified_gmt":"2026-04-27T14:17:36","slug":"raul-ruppel-presento-el-libro-sobre-la-trayectoria-de-juan-carlos-cabrera","status":"publish","type":"post","link":"https:\/\/portaldeyoung.uy\/index.php\/2026\/04\/27\/raul-ruppel-presento-el-libro-sobre-la-trayectoria-de-juan-carlos-cabrera\/","title":{"rendered":"Ra\u00fal Ruppel present\u00f3 el libro sobre la trayectoria de Juan Carlos Cabrera"},"content":{"rendered":"\n<p>Con una destacada concurrencia de p\u00fablico, se realiz\u00f3 en el auditorio \u201cElbio Reyes\u201d la presentaci\u00f3n del libro \u201cEl h\u00e9roe de los ojos ani\u00f1ados\u201d, del escritor younguense Ra\u00fal Ruppel, dedicado a la vida del futbolista local Juan Carlos Cabrera.<\/p>\n\n\n\n<p>La jornada, enmarcada en el d\u00eda internacional del libro, cont\u00f3 con la presencia de autoridades del municipio y del Departamento de Cultura de la Intendencia. La alcaldesa de Young, Cecilia Rodr\u00edguez, fue la encargada de dar la bienvenida, mostr\u00e1ndose visiblemente emocionada por compartir la instancia y por la posibilidad de conocer y escuchar a los protagonistas de la historia.<\/p>\n\n\n\n<p>La actividad se desarroll\u00f3, en un clima din\u00e1mico y participativo, donde distintos actores de la comunidad que formaron parte de la vida de Cabrera fueron pasando al escenario para compartir an\u00e9cdotas y vivencias. La conducci\u00f3n y el hilo narrativo estuvieron a cargo del propio autor, mientras que Cabrera acompa\u00f1\u00f3 la instancia completando los relatos con su propia mirada, en una jornada que combin\u00f3 memoria, identidad local y reconocimiento.<\/p>\n","protected":false},"excerpt":{"rendered":"<p>Con una destacada concurrencia de p\u00fablico, se realiz\u00f3 en el auditorio \u201cElbio Reyes\u201d la presentaci\u00f3n del libro \u201cEl h\u00e9roe de los ojos ani\u00f1ados\u201d, del escritor<\/p>\n","protected":false},"author":1,"featured_media":10359,"comment_status":"closed","ping_status":"open","sticky":false,"template":"","format":"standard","meta":{"advgb_blocks_editor_width":"","advgb_blocks_columns_visual_guide":"","footnotes":"","jetpack_publicize_message":"La jornada, enmarcada en el d\u00eda internacional del libro, cont\u00f3 con la presencia de autoridades del municipio y del Departamento de Cultura de la Intendencia ...Lee la nota completa\ud83d\udc47","jetpack_publicize_feature_enabled":true,"jetpack_social_post_already_shared":false,"jetpack_social_options":{"image_generator_settings":{"template":"highway","default_image_id":0,"font":"","enabled":false},"version":2}},"categories":[4],"tags":[],"class_list":["post-10358","post","type-post","status-publish","format-standard","has-post-thumbnail","hentry","category-de-aca"],"author_meta":{"display_name":"Portal","author_link":"https:\/\/portaldeyoung.uy\/index.php\/author\/admin_port\/"},"featured_img":"https:\/\/portaldeyoung.uy\/wp-content\/uploads\/2026\/04\/libro-cabrera-300x225.jpg","jetpack_publicize_connections":[],"coauthors":[],"tax_additional":{"categories":{"linked":["<a href=\"https:\/\/portaldeyoung.uy\/index.php\/category\/de-aca\/\" class=\"advgb-post-tax-term\">De ac\u00e1<\/a>"],"unlinked":["<span class=\"advgb-post-tax-term\">De ac\u00e1<\/span>"]}},"comment_count":"0","relative_dates":{"created":"Publicado 1 d\u00eda hace","modified":"Actualizado 1 d\u00eda hace"},"absolute_dates":{"created":"Publicado el abril 27, 2026","modified":"Actualizado el abril 27, 2026"},"absolute_dates_time":{"created":"Publicado el abril 27, 2026 9:51 am","modified":"Actualizado el abril 27, 2026 11:17 am"},"featured_img_caption":"","series_order":"","_links":{"self":[{"href":"https:\/\/portaldeyoung.uy\/index.php\/wp-json\/wp\/v2\/posts\/10358","targetHints":{"allow":["GET"]}}],"collection":[{"href":"https:\/\/portaldeyoung.uy\/index.php\/wp-json\/wp\/v2\/posts"}],"about":[{"href":"https:\/\/portaldeyoung.uy\/index.php\/wp-json\/wp\/v2\/types\/post"}],"author":[{"embeddable":true,"href":"https:\/\/portaldeyoung.uy\/index.php\/wp-json\/wp\/v2\/users\/1"}],"replies":[{"embeddable":true,"href":"https:\/\/portaldeyoung.uy\/index.php\/wp-json\/wp\/v2\/comments?post=10358"}],"version-history":[{"count":1,"href":"https:\/\/portaldeyoung.uy\/index.php\/wp-json\/wp\/v2\/posts\/10358\/revisions"}],"predecessor-version":[{"id":10360,"href":"https:\/\/portaldeyoung.uy\/index.php\/wp-json\/wp\/v2\/posts\/10358\/revisions\/10360"}],"wp:featuredmedia":[{"embeddable":true,"href":"https:\/\/portaldeyoung.uy\/index.php\/wp-json\/wp\/v2\/media\/10359"}],"wp:attachment":[{"href":"https:\/\/portaldeyoung.uy\/index.php\/wp-json\/wp\/v2\/media?parent=10358"}],"wp:term":[{"taxonomy":"category","embeddable":true,"href":"https:\/\/portaldeyoung.uy\/index.php\/wp-json\/wp\/v2\/categories?post=10358"},{"taxonomy":"post_tag","embeddable":true,"href":"https:\/\/portaldeyoung.uy\/index.php\/wp-json\/wp\/v2\/tags?post=10358"}],"curies":[{"name":"wp","href":"https:\/\/api.w.org\/{rel}","templated":true}]}}