{"id":10355,"date":"2026-04-27T09:47:30","date_gmt":"2026-04-27T12:47:30","guid":{"rendered":"https:\/\/portaldeyoung.uy\/?p=10355"},"modified":"2026-04-27T09:47:32","modified_gmt":"2026-04-27T12:47:32","slug":"hermoso-mural-en-viviendas-vico-young","status":"publish","type":"post","link":"https:\/\/portaldeyoung.uy\/index.php\/2026\/04\/27\/hermoso-mural-en-viviendas-vico-young\/","title":{"rendered":"Hermoso mural en viviendas Vico Young"},"content":{"rendered":"\n<p>El grupo de vecinos de Viviendas VicoYoung, en la intersecci\u00f3n de Rinc\u00f3n y R\u00edo Negro, contin\u00faa trabajando en el embellecimiento del entorno de su barrio y que aporta desde lo comunitario, con una intervenci\u00f3n en la pared frontal del sal\u00f3n comunal. La obra, encargada por la comisi\u00f3n del complejo, fue realizada por el artista local Juan Mazza, quien con su creatividad y sello personal logr\u00f3 transformar una pared en una expresi\u00f3n de identidad, color y emoci\u00f3n. La iniciativa no solo mejora el espacio com\u00fan, sino que tambi\u00e9n fortalece el sentido de pertenencia entre quienes integran la comunidad.<\/p>\n\n\n\n<p>El mural, seg\u00fan comparti\u00f3 Mirta Porro, integrante del complejo, presenta una escena marina que transmite paz y tranquilidad. El mar en calma y la luz del sol evocan serenidad y equilibrio, mientras que la tortuga, con una estrella de mar a cuestas, y los delfines simbolizan valores como la constancia, la libertad, la empat\u00eda y la conexi\u00f3n con la naturaleza. La obra se convierte as\u00ed en una ventana a un mundo m\u00e1s natural y relajante, invitando a vecinos y visitantes a contemplar el arte como un puente que conecta a la comunidad con su entorno.<\/p>\n","protected":false},"excerpt":{"rendered":"<p>El grupo de vecinos de Viviendas VicoYoung, en la intersecci\u00f3n de Rinc\u00f3n y R\u00edo Negro, contin\u00faa trabajando en el embellecimiento del entorno de su barrio<\/p>\n","protected":false},"author":1,"featured_media":10356,"comment_status":"closed","ping_status":"open","sticky":false,"template":"","format":"standard","meta":{"advgb_blocks_editor_width":"","advgb_blocks_columns_visual_guide":"","footnotes":"","jetpack_publicize_message":"El grupo de vecinos de Viviendas VicoYoung, en la intersecci\u00f3n de Rinc\u00f3n y R\u00edo Negro, contin\u00faa trabajando en el embellecimiento del entorno de su barrio y que ...Lee la nota completa\ud83d\udc47","jetpack_publicize_feature_enabled":true,"jetpack_social_post_already_shared":false,"jetpack_social_options":{"image_generator_settings":{"template":"highway","default_image_id":0,"font":"","enabled":false},"version":2}},"categories":[1],"tags":[],"class_list":["post-10355","post","type-post","status-publish","format-standard","has-post-thumbnail","hentry","category-portada"],"author_meta":{"display_name":"Portal","author_link":"https:\/\/portaldeyoung.uy\/index.php\/author\/admin_port\/"},"featured_img":"https:\/\/portaldeyoung.uy\/wp-content\/uploads\/2026\/04\/mural-300x225.jpg","jetpack_publicize_connections":[],"coauthors":[],"tax_additional":{"categories":{"linked":["<a href=\"https:\/\/portaldeyoung.uy\/index.php\/category\/portada\/\" class=\"advgb-post-tax-term\">Portada<\/a>"],"unlinked":["<span class=\"advgb-post-tax-term\">Portada<\/span>"]}},"comment_count":"0","relative_dates":{"created":"Publicado 1 d\u00eda hace","modified":"Actualizado 1 d\u00eda hace"},"absolute_dates":{"created":"Publicado el abril 27, 2026","modified":"Actualizado el abril 27, 2026"},"absolute_dates_time":{"created":"Publicado el abril 27, 2026 9:47 am","modified":"Actualizado el abril 27, 2026 9:47 am"},"featured_img_caption":"","series_order":"","_links":{"self":[{"href":"https:\/\/portaldeyoung.uy\/index.php\/wp-json\/wp\/v2\/posts\/10355","targetHints":{"allow":["GET"]}}],"collection":[{"href":"https:\/\/portaldeyoung.uy\/index.php\/wp-json\/wp\/v2\/posts"}],"about":[{"href":"https:\/\/portaldeyoung.uy\/index.php\/wp-json\/wp\/v2\/types\/post"}],"author":[{"embeddable":true,"href":"https:\/\/portaldeyoung.uy\/index.php\/wp-json\/wp\/v2\/users\/1"}],"replies":[{"embeddable":true,"href":"https:\/\/portaldeyoung.uy\/index.php\/wp-json\/wp\/v2\/comments?post=10355"}],"version-history":[{"count":1,"href":"https:\/\/portaldeyoung.uy\/index.php\/wp-json\/wp\/v2\/posts\/10355\/revisions"}],"predecessor-version":[{"id":10357,"href":"https:\/\/portaldeyoung.uy\/index.php\/wp-json\/wp\/v2\/posts\/10355\/revisions\/10357"}],"wp:featuredmedia":[{"embeddable":true,"href":"https:\/\/portaldeyoung.uy\/index.php\/wp-json\/wp\/v2\/media\/10356"}],"wp:attachment":[{"href":"https:\/\/portaldeyoung.uy\/index.php\/wp-json\/wp\/v2\/media?parent=10355"}],"wp:term":[{"taxonomy":"category","embeddable":true,"href":"https:\/\/portaldeyoung.uy\/index.php\/wp-json\/wp\/v2\/categories?post=10355"},{"taxonomy":"post_tag","embeddable":true,"href":"https:\/\/portaldeyoung.uy\/index.php\/wp-json\/wp\/v2\/tags?post=10355"}],"curies":[{"name":"wp","href":"https:\/\/api.w.org\/{rel}","templated":true}]}}