{"id":10345,"date":"2026-04-27T09:14:53","date_gmt":"2026-04-27T12:14:53","guid":{"rendered":"https:\/\/portaldeyoung.uy\/?p=10345"},"modified":"2026-04-27T09:14:55","modified_gmt":"2026-04-27T12:14:55","slug":"destacada-actuacion-de-los-correcaminos-de-young-en-el-campeonato-las-8-de-soriano","status":"publish","type":"post","link":"https:\/\/portaldeyoung.uy\/index.php\/2026\/04\/27\/destacada-actuacion-de-los-correcaminos-de-young-en-el-campeonato-las-8-de-soriano\/","title":{"rendered":"Destacada actuaci\u00f3n de Los Correcaminos de Young en el Campeonato \u201cLas 8 de Soriano\u201d"},"content":{"rendered":"\n<p>El grupo de atletas Los Correcaminos de Young tuvo una activa participaci\u00f3n en una nueva fecha del Campeonato \u201cLas 8 de Soriano\u201d, que en esta oportunidad se disput\u00f3 en la localidad de Palmitas.<\/p>\n\n\n\n<p>Un total de seis integrantes del equipo viajaron para competir en la tercera etapa puntuable, desarrollada en las distancias de 5 y 10 kil\u00f3metros, en una jornada que volvi\u00f3 a reunir a corredores de distintos puntos de la regi\u00f3n.<\/p>\n\n\n\n<p>En cuanto a los resultados, la mejor actuaci\u00f3n correspondi\u00f3 a Mar\u00eda Barr\u00e1n, quien se ubic\u00f3 en el primer lugar de su categor\u00eda. Fue escoltada por su compa\u00f1era Mirta Pe\u00f1a, completando as\u00ed una destacada labor del equipo younguense en la rama femenina.<\/p>\n\n\n\n<p>Adem\u00e1s, se resalta que Barr\u00e1n contin\u00faa liderando la clasificaci\u00f3n general de damas en su categor\u00eda, consolidando un rendimiento sostenido a lo largo del campeonato y posicionando en alto al atletismo local.<\/p>\n\n\n\n<p>Por otra parte, Los Correcaminos ya se encuentran ultimando detalles de su preparaci\u00f3n con miras a un nuevo desaf\u00edo: la participaci\u00f3n en la Marat\u00f3n de Montevideo, prevista para el pr\u00f3ximo 10 de mayo, donde buscar\u00e1n seguir sumando experiencias y buenos resultados.<\/p>\n","protected":false},"excerpt":{"rendered":"<p>El grupo de atletas Los Correcaminos de Young tuvo una activa participaci\u00f3n en una nueva fecha del Campeonato \u201cLas 8 de Soriano\u201d, que en esta<\/p>\n","protected":false},"author":1,"featured_media":10346,"comment_status":"closed","ping_status":"open","sticky":false,"template":"","format":"standard","meta":{"advgb_blocks_editor_width":"","advgb_blocks_columns_visual_guide":"","footnotes":"","jetpack_publicize_message":"Un total de seis integrantes del equipo viajaron para competir en la tercera etapa puntuable, desarrollada en las distancias de 5 y 10 kil\u00f3metros, en una ...Lee la nota completa\ud83d\udc47","jetpack_publicize_feature_enabled":true,"jetpack_social_post_already_shared":false,"jetpack_social_options":{"image_generator_settings":{"template":"highway","default_image_id":0,"font":"","enabled":false},"version":2}},"categories":[5],"tags":[],"class_list":["post-10345","post","type-post","status-publish","format-standard","has-post-thumbnail","hentry","category-de-la-tribuna"],"author_meta":{"display_name":"Portal","author_link":"https:\/\/portaldeyoung.uy\/index.php\/author\/admin_port\/"},"featured_img":"https:\/\/portaldeyoung.uy\/wp-content\/uploads\/2026\/04\/los-correcaminos-300x175.jpg","jetpack_publicize_connections":[],"coauthors":[],"tax_additional":{"categories":{"linked":["<a href=\"https:\/\/portaldeyoung.uy\/index.php\/category\/de-la-tribuna\/\" class=\"advgb-post-tax-term\">De la tribuna<\/a>"],"unlinked":["<span class=\"advgb-post-tax-term\">De la tribuna<\/span>"]}},"comment_count":"0","relative_dates":{"created":"Publicado 1 d\u00eda hace","modified":"Actualizado 1 d\u00eda hace"},"absolute_dates":{"created":"Publicado el abril 27, 2026","modified":"Actualizado el abril 27, 2026"},"absolute_dates_time":{"created":"Publicado el abril 27, 2026 9:14 am","modified":"Actualizado el abril 27, 2026 9:14 am"},"featured_img_caption":"","series_order":"","_links":{"self":[{"href":"https:\/\/portaldeyoung.uy\/index.php\/wp-json\/wp\/v2\/posts\/10345","targetHints":{"allow":["GET"]}}],"collection":[{"href":"https:\/\/portaldeyoung.uy\/index.php\/wp-json\/wp\/v2\/posts"}],"about":[{"href":"https:\/\/portaldeyoung.uy\/index.php\/wp-json\/wp\/v2\/types\/post"}],"author":[{"embeddable":true,"href":"https:\/\/portaldeyoung.uy\/index.php\/wp-json\/wp\/v2\/users\/1"}],"replies":[{"embeddable":true,"href":"https:\/\/portaldeyoung.uy\/index.php\/wp-json\/wp\/v2\/comments?post=10345"}],"version-history":[{"count":1,"href":"https:\/\/portaldeyoung.uy\/index.php\/wp-json\/wp\/v2\/posts\/10345\/revisions"}],"predecessor-version":[{"id":10347,"href":"https:\/\/portaldeyoung.uy\/index.php\/wp-json\/wp\/v2\/posts\/10345\/revisions\/10347"}],"wp:featuredmedia":[{"embeddable":true,"href":"https:\/\/portaldeyoung.uy\/index.php\/wp-json\/wp\/v2\/media\/10346"}],"wp:attachment":[{"href":"https:\/\/portaldeyoung.uy\/index.php\/wp-json\/wp\/v2\/media?parent=10345"}],"wp:term":[{"taxonomy":"category","embeddable":true,"href":"https:\/\/portaldeyoung.uy\/index.php\/wp-json\/wp\/v2\/categories?post=10345"},{"taxonomy":"post_tag","embeddable":true,"href":"https:\/\/portaldeyoung.uy\/index.php\/wp-json\/wp\/v2\/tags?post=10345"}],"curies":[{"name":"wp","href":"https:\/\/api.w.org\/{rel}","templated":true}]}}