{"id":10343,"date":"2026-04-27T08:57:50","date_gmt":"2026-04-27T11:57:50","guid":{"rendered":"https:\/\/portaldeyoung.uy\/?p=10343"},"modified":"2026-04-27T08:59:59","modified_gmt":"2026-04-27T11:59:59","slug":"aseguran-que-habra-120-puestos-de-trabajo-en-planta-fotovoltaica","status":"publish","type":"post","link":"https:\/\/portaldeyoung.uy\/index.php\/2026\/04\/27\/aseguran-que-habra-120-puestos-de-trabajo-en-planta-fotovoltaica\/","title":{"rendered":"Aseguran que habr\u00e1 120 puestos de trabajo en planta fotovoltaica"},"content":{"rendered":"\n<p>El intendente de R\u00edo Negro, Guillermo Levratto, inform\u00f3 sobre la instalaci\u00f3n de una planta fotovoltaica anunciada por el Poder Ejecutivo, que se ubicar\u00e1 en el predio de Parque M\u2019Bopicu\u00e1, en el marco de la estrategia nacional de fortalecimiento de la matriz energ\u00e9tica con fuentes renovables.<\/p>\n\n\n\n<p>El proyecto se desarrolla en coordinaci\u00f3n con el Ministerio de Industria, Energ\u00eda y Miner\u00eda y UTE, organismo que llevar\u00e1 adelante el proceso de licitaci\u00f3n. La locaci\u00f3n inicial prevista era el departamento de Durazno, pero el Gobierno resolvi\u00f3 su traslado a R\u00edo Negro tras evaluar condiciones m\u00e1s favorables.<\/p>\n\n\n\n<p>El parque ocupar\u00e1 casi todo el predio, excepto el \u00e1rea donde opera Alimentos Fray Bentos, empresa que expres\u00f3 su conformidad con la iniciativa.<\/p>\n\n\n\n<p>Durante la construcci\u00f3n, que demandar\u00e1 aproximadamente un a\u00f1o, se prev\u00e9 la generaci\u00f3n de entre 100 y 120 puestos de trabajo. Las autoridades estiman que las obras podr\u00edan comenzar antes de fin de a\u00f1o o tras el primer semestre de 2026, sujeto al avance de los procesos t\u00e9cnicos y administrativos.<\/p>\n","protected":false},"excerpt":{"rendered":"<p>El intendente de R\u00edo Negro, Guillermo Levratto, inform\u00f3 sobre la instalaci\u00f3n de una planta fotovoltaica anunciada por el Poder Ejecutivo, que se ubicar\u00e1 en el<\/p>\n","protected":false},"author":1,"featured_media":9386,"comment_status":"closed","ping_status":"open","sticky":false,"template":"","format":"standard","meta":{"advgb_blocks_editor_width":"","advgb_blocks_columns_visual_guide":"","footnotes":"","jetpack_publicize_message":"El proyecto se desarrolla en coordinaci\u00f3n con el Ministerio de Industria, Energ\u00eda y Miner\u00eda y UTE, organismo que llevar\u00e1 adelante el proceso de ...Lee la nota completa\ud83d\udc47","jetpack_publicize_feature_enabled":true,"jetpack_social_post_already_shared":false,"jetpack_social_options":{"image_generator_settings":{"template":"highway","default_image_id":0,"font":"","enabled":false},"version":2}},"categories":[6],"tags":[],"class_list":["post-10343","post","type-post","status-publish","format-standard","has-post-thumbnail","hentry","category-del-departamento"],"author_meta":{"display_name":"Portal","author_link":"https:\/\/portaldeyoung.uy\/index.php\/author\/admin_port\/"},"featured_img":"https:\/\/portaldeyoung.uy\/wp-content\/uploads\/2026\/03\/energia-solar-300x125.jpg","jetpack_publicize_connections":[],"coauthors":[],"tax_additional":{"categories":{"linked":["<a href=\"https:\/\/portaldeyoung.uy\/index.php\/category\/del-departamento\/\" class=\"advgb-post-tax-term\">Del departamento<\/a>"],"unlinked":["<span class=\"advgb-post-tax-term\">Del departamento<\/span>"]}},"comment_count":"0","relative_dates":{"created":"Publicado 1 d\u00eda hace","modified":"Actualizado 1 d\u00eda hace"},"absolute_dates":{"created":"Publicado el abril 27, 2026","modified":"Actualizado el abril 27, 2026"},"absolute_dates_time":{"created":"Publicado el abril 27, 2026 8:57 am","modified":"Actualizado el abril 27, 2026 8:59 am"},"featured_img_caption":"","series_order":"","_links":{"self":[{"href":"https:\/\/portaldeyoung.uy\/index.php\/wp-json\/wp\/v2\/posts\/10343","targetHints":{"allow":["GET"]}}],"collection":[{"href":"https:\/\/portaldeyoung.uy\/index.php\/wp-json\/wp\/v2\/posts"}],"about":[{"href":"https:\/\/portaldeyoung.uy\/index.php\/wp-json\/wp\/v2\/types\/post"}],"author":[{"embeddable":true,"href":"https:\/\/portaldeyoung.uy\/index.php\/wp-json\/wp\/v2\/users\/1"}],"replies":[{"embeddable":true,"href":"https:\/\/portaldeyoung.uy\/index.php\/wp-json\/wp\/v2\/comments?post=10343"}],"version-history":[{"count":1,"href":"https:\/\/portaldeyoung.uy\/index.php\/wp-json\/wp\/v2\/posts\/10343\/revisions"}],"predecessor-version":[{"id":10344,"href":"https:\/\/portaldeyoung.uy\/index.php\/wp-json\/wp\/v2\/posts\/10343\/revisions\/10344"}],"wp:featuredmedia":[{"embeddable":true,"href":"https:\/\/portaldeyoung.uy\/index.php\/wp-json\/wp\/v2\/media\/9386"}],"wp:attachment":[{"href":"https:\/\/portaldeyoung.uy\/index.php\/wp-json\/wp\/v2\/media?parent=10343"}],"wp:term":[{"taxonomy":"category","embeddable":true,"href":"https:\/\/portaldeyoung.uy\/index.php\/wp-json\/wp\/v2\/categories?post=10343"},{"taxonomy":"post_tag","embeddable":true,"href":"https:\/\/portaldeyoung.uy\/index.php\/wp-json\/wp\/v2\/tags?post=10343"}],"curies":[{"name":"wp","href":"https:\/\/api.w.org\/{rel}","templated":true}]}}