{"id":10336,"date":"2026-04-27T08:22:35","date_gmt":"2026-04-27T11:22:35","guid":{"rendered":"https:\/\/portaldeyoung.uy\/?p=10336"},"modified":"2026-04-27T08:23:13","modified_gmt":"2026-04-27T11:23:13","slug":"edicion-2026-del-dia-del-patrimonio-reconocera-a-las-comunidades-indigenas-en-uruguay","status":"publish","type":"post","link":"https:\/\/portaldeyoung.uy\/index.php\/2026\/04\/27\/edicion-2026-del-dia-del-patrimonio-reconocera-a-las-comunidades-indigenas-en-uruguay\/","title":{"rendered":"Edici\u00f3n 2026 del D\u00eda del Patrimonio reconocer\u00e1 a las comunidades ind\u00edgenas en Uruguay"},"content":{"rendered":"\n<p>Bajo el lema \u201cRa\u00edces ind\u00edgenas: pasado, presente y futuro\u201d, el Ministerio de Educaci\u00f3n y Cultura (MEC) present\u00f3 la convocatoria para el D\u00eda del Patrimonio 2026. \u201cEste festejo es un acto de memoria y reparaci\u00f3n\u201d, sostuvo la subsecretaria de Educaci\u00f3n y Cultura y presidenta de la Comisi\u00f3n de Patrimonio, Gabriela Verde.<\/p>\n\n\n\n<p>El D\u00eda de la Patrimonio se celebrar\u00e1 el fin de semana del <strong>3 y 4 de octubre<\/strong>, e <strong>invitar\u00e1 a transitar por las ra\u00edces ind\u00edgenas desde los m\u00e1s diversos enfoques y a reflexionar sobre el patrimonio cultural y los sitios arqueol\u00f3gicos.<\/strong><\/p>\n\n\n\n<p>La presentaci\u00f3n, se realiz\u00f3 este jueves 23 en la sede del MEC, con la participaci\u00f3n del ministro de Educaci\u00f3n y Cultura,<strong>\u00a0Jos\u00e9 Carlos Mah\u00eda<\/strong>; la subsecretaria,\u00a0<strong>Gabriela Verde<\/strong>; el director general de Secretar\u00eda,<strong>\u00a0Carlos Varela,<\/strong>\u00a0y el director de la Comisi\u00f3n del Patrimonio Cultural de la Naci\u00f3n,<strong>\u00a0Marcel Su\u00e1rez.<\/strong><\/p>\n\n\n\n<p>En la instancia se anunci\u00f3 la <a href=\"https:\/\/www.gub.uy\/ministerio-educacion-cultura\/patrimonio-uruguay\/dia-patrimonio-2026-uruguay\/como-participar\">convocatoria a instituciones y organizaciones<\/a> interesadas en participar de esta edici\u00f3n 2026, que rendir\u00e1 homenaje a las ra\u00edces ind\u00edgenas.&nbsp;<\/p>\n\n\n\n<p>Durante la presentaci\u00f3n, el ministro&nbsp;<strong>Jos\u00e9 Carlos Mah\u00eda<\/strong> reflexion\u00f3 respecto a tres tem\u00e1ticas vinculados con esta fecha. Destac\u00f3 <strong>el concepto de patrimonio material o inmaterial<\/strong> y dijo que la celebraci\u00f3n ser\u00e1 un momento de reflexi\u00f3n que convocar\u00e1 a muchas personas y que, por 48 horas, habr\u00e1 una amplia propuesta para visitar sitios de inter\u00e9s.<\/p>\n\n\n\n<p>Subray\u00f3, asimismo, la importancia <strong>de reconocer la diversidad cultural y de or\u00edgenes que han formado al Uruguay moderno<\/strong>. \u201cEsta es una parte de las identidades que, con otras, forjan lo que hoy somos. Hace un reconocimiento a la identidad nacional de todos sus componentes, los que son aut\u00f3ctonos y los inmigrantes\u201d, se\u00f1al\u00f3.<\/p>\n\n\n\n<p>Finalmente, valor\u00f3 la <strong>acci\u00f3n del Estado<\/strong>: \u201cEs una forma de las que ha tenido el Estado uruguayo de reconocimiento a una identidad que reclamaba ser reconocida con acciones que trascienden los gobiernos de turno\u201d.<br>&nbsp;<\/p>\n\n\n\n<h3 class=\"wp-block-heading\">Verde: \u00abUn acto de reparaci\u00f3n\u00bb<\/h3>\n\n\n\n<p>A su turno, la subsecretaria y presidenta de la Comisi\u00f3n del Patrimonio Cultural de la Naci\u00f3n, <strong>Gabriela Verde,<\/strong> mencion\u00f3 la importancia de la convocatoria, <strong>desde el punto de vista cultural, social y sobre todo \u00e9tico y pol\u00edtico<\/strong>. \u201cA trav\u00e9s de este reconocimiento a las comunidades ind\u00edgenas en Uruguay, tambi\u00e9n abordamos <strong>un tema de memoria y reparaci\u00f3n\u201d<\/strong>, se\u00f1al\u00f3.<\/p>\n\n\n\n<p>Adem\u00e1s, sostuvo que la historia ha sido contada desde \u00abel mundo blanco y colonizador\u00bb, y hoy la voz de las comunidades ind\u00edgenas en Uruguay debe ser valorada. \u00abEsa parte de la historia es la que nos debemos, todos, trabajar desde lo educativo, lo social y lo patrimonial\u00bb, dijo.<\/p>\n\n\n\n<p>\u201c<strong>Este festejo es sobre todo para el MEC, un acto de reparaci\u00f3n<\/strong>\u201d, enfatiz\u00f3.<\/p>\n\n\n\n<p>La jerarca inform\u00f3 que, como todos los a\u00f1os, se editar\u00e1 una publicaci\u00f3n con el detalle de los lugares y circuitos habilitados para el D\u00eda del Patrimonio, adem\u00e1s de organizarse actividades sobre la comunidad ind\u00edgena uruguaya.<\/p>\n\n\n\n<p><em>*Fuente Presidencia<\/em><\/p>\n","protected":false},"excerpt":{"rendered":"<p>Bajo el lema \u201cRa\u00edces ind\u00edgenas: pasado, presente y futuro\u201d, el Ministerio de Educaci\u00f3n y Cultura (MEC) present\u00f3 la convocatoria para el D\u00eda del Patrimonio 2026.<\/p>\n","protected":false},"author":1,"featured_media":10337,"comment_status":"closed","ping_status":"open","sticky":false,"template":"","format":"standard","meta":{"advgb_blocks_editor_width":"","advgb_blocks_columns_visual_guide":"","footnotes":"","jetpack_publicize_message":"El D\u00eda de la Patrimonio se celebrar\u00e1 el fin de semana del 3 y 4 de octubre, e invitar\u00e1 a transitar por las ra\u00edces ind\u00edgenas desde los m\u00e1s diversos enfoques y a reflexionar sobre el ...Lee la nota completa\ud83d\udc47","jetpack_publicize_feature_enabled":true,"jetpack_social_post_already_shared":false,"jetpack_social_options":{"image_generator_settings":{"template":"highway","default_image_id":0,"font":"","enabled":false},"version":2}},"categories":[7],"tags":[],"class_list":["post-10336","post","type-post","status-publish","format-standard","has-post-thumbnail","hentry","category-del-pais"],"author_meta":{"display_name":"Portal","author_link":"https:\/\/portaldeyoung.uy\/index.php\/author\/admin_port\/"},"featured_img":"https:\/\/portaldeyoung.uy\/wp-content\/uploads\/2026\/04\/indigenas-patrimonio-300x193.png","jetpack_publicize_connections":[],"coauthors":[],"tax_additional":{"categories":{"linked":["<a href=\"https:\/\/portaldeyoung.uy\/index.php\/category\/del-pais\/\" class=\"advgb-post-tax-term\">Del pa\u00eds<\/a>"],"unlinked":["<span class=\"advgb-post-tax-term\">Del pa\u00eds<\/span>"]}},"comment_count":"0","relative_dates":{"created":"Publicado 1 d\u00eda hace","modified":"Actualizado 1 d\u00eda hace"},"absolute_dates":{"created":"Publicado el abril 27, 2026","modified":"Actualizado el abril 27, 2026"},"absolute_dates_time":{"created":"Publicado el abril 27, 2026 8:22 am","modified":"Actualizado el abril 27, 2026 8:23 am"},"featured_img_caption":"","series_order":"","_links":{"self":[{"href":"https:\/\/portaldeyoung.uy\/index.php\/wp-json\/wp\/v2\/posts\/10336","targetHints":{"allow":["GET"]}}],"collection":[{"href":"https:\/\/portaldeyoung.uy\/index.php\/wp-json\/wp\/v2\/posts"}],"about":[{"href":"https:\/\/portaldeyoung.uy\/index.php\/wp-json\/wp\/v2\/types\/post"}],"author":[{"embeddable":true,"href":"https:\/\/portaldeyoung.uy\/index.php\/wp-json\/wp\/v2\/users\/1"}],"replies":[{"embeddable":true,"href":"https:\/\/portaldeyoung.uy\/index.php\/wp-json\/wp\/v2\/comments?post=10336"}],"version-history":[{"count":2,"href":"https:\/\/portaldeyoung.uy\/index.php\/wp-json\/wp\/v2\/posts\/10336\/revisions"}],"predecessor-version":[{"id":10339,"href":"https:\/\/portaldeyoung.uy\/index.php\/wp-json\/wp\/v2\/posts\/10336\/revisions\/10339"}],"wp:featuredmedia":[{"embeddable":true,"href":"https:\/\/portaldeyoung.uy\/index.php\/wp-json\/wp\/v2\/media\/10337"}],"wp:attachment":[{"href":"https:\/\/portaldeyoung.uy\/index.php\/wp-json\/wp\/v2\/media?parent=10336"}],"wp:term":[{"taxonomy":"category","embeddable":true,"href":"https:\/\/portaldeyoung.uy\/index.php\/wp-json\/wp\/v2\/categories?post=10336"},{"taxonomy":"post_tag","embeddable":true,"href":"https:\/\/portaldeyoung.uy\/index.php\/wp-json\/wp\/v2\/tags?post=10336"}],"curies":[{"name":"wp","href":"https:\/\/api.w.org\/{rel}","templated":true}]}}