{"id":10333,"date":"2026-04-27T08:17:31","date_gmt":"2026-04-27T11:17:31","guid":{"rendered":"https:\/\/portaldeyoung.uy\/?p=10333"},"modified":"2026-04-27T08:17:33","modified_gmt":"2026-04-27T11:17:33","slug":"pedidosya-busca-reunirse-con-el-ministerio-del-interior-tras-la-muerte-de-un-repartidor-en-una-rapina","status":"publish","type":"post","link":"https:\/\/portaldeyoung.uy\/index.php\/2026\/04\/27\/pedidosya-busca-reunirse-con-el-ministerio-del-interior-tras-la-muerte-de-un-repartidor-en-una-rapina\/","title":{"rendered":"PedidosYa busca reunirse con el Ministerio del Interior tras la muerte de un repartidor en una rapi\u00f1a"},"content":{"rendered":"\n<p>\u00abNuevamente nos encontramos ante la triste situaci\u00f3n de tener que lamentar el fallecimiento de un repartidor por un hecho de inseguridad\u00bb, indic\u00f3 la empresa en un comunicado.<\/p>\n\n\n\n<p>La empresa PedidosYa busca reunirse en las pr\u00f3ximas horas con autoridades del Ministerio del Interior para plantearles su preocupaci\u00f3n y la de sus repartidores, \u00abquienes son v\u00edctimas frecuentes de hechos de inseguridad en las calles\u00bb, afirm\u00f3 la compa\u00f1\u00eda en un comunicado, emitido tras el asesinato de un trabajador de 31 a\u00f1os el viernes de noche durante una rapi\u00f1a en Carrasco Norte.<\/p>\n\n\n\n<p id=\"p-1777148074089-23645\">\u00abPara nuestra comunidad de repartidores, continuaremos abriendo espacios de conversaci\u00f3n y contenci\u00f3n para escuchar sus inquietudes, brindar apoyo emocional y trabajar juntos en herramientas de convivencia y seguridad\u00bb, indic\u00f3 la empresa.<\/p>\n\n\n\n<p id=\"p-1777148405455-36089\">En el comunicado, PedidosYa lament\u00f3 profundamente la muerte del trabajador. \u00abNuevamente nos encontramos ante la triste situaci\u00f3n de tener que lamentar el fallecimiento de un repartidor por un hecho de inseguridad. Acompa\u00f1amos a la familia de Jos\u00e9 Eduardo y a todos sus compa\u00f1eros en este momento tan dif\u00edcil\u00bb, expres\u00f3 la empresa.<\/p>\n\n\n\n<p><em>*Subrayado<\/em><\/p>\n","protected":false},"excerpt":{"rendered":"<p>\u00abNuevamente nos encontramos ante la triste situaci\u00f3n de tener que lamentar el fallecimiento de un repartidor por un hecho de inseguridad\u00bb, indic\u00f3 la empresa en<\/p>\n","protected":false},"author":1,"featured_media":10334,"comment_status":"closed","ping_status":"open","sticky":false,"template":"","format":"standard","meta":{"advgb_blocks_editor_width":"","advgb_blocks_columns_visual_guide":"","footnotes":"","jetpack_publicize_message":"La empresa PedidosYa busca reunirse en las pr\u00f3ximas horas con autoridades del Ministerio del Interior para plantearles su preocupaci\u00f3n y la de sus ...Lee la nota completa\ud83d\udc47","jetpack_publicize_feature_enabled":true,"jetpack_social_post_already_shared":false,"jetpack_social_options":{"image_generator_settings":{"template":"highway","default_image_id":0,"font":"","enabled":false},"version":2}},"categories":[7],"tags":[],"class_list":["post-10333","post","type-post","status-publish","format-standard","has-post-thumbnail","hentry","category-del-pais"],"author_meta":{"display_name":"Portal","author_link":"https:\/\/portaldeyoung.uy\/index.php\/author\/admin_port\/"},"featured_img":"https:\/\/portaldeyoung.uy\/wp-content\/uploads\/2026\/04\/pedidos-ya-300x195.png","jetpack_publicize_connections":[],"coauthors":[],"tax_additional":{"categories":{"linked":["<a href=\"https:\/\/portaldeyoung.uy\/index.php\/category\/del-pais\/\" class=\"advgb-post-tax-term\">Del pa\u00eds<\/a>"],"unlinked":["<span class=\"advgb-post-tax-term\">Del pa\u00eds<\/span>"]}},"comment_count":"0","relative_dates":{"created":"Publicado 1 d\u00eda hace","modified":"Actualizado 1 d\u00eda hace"},"absolute_dates":{"created":"Publicado el abril 27, 2026","modified":"Actualizado el abril 27, 2026"},"absolute_dates_time":{"created":"Publicado el abril 27, 2026 8:17 am","modified":"Actualizado el abril 27, 2026 8:17 am"},"featured_img_caption":"","series_order":"","_links":{"self":[{"href":"https:\/\/portaldeyoung.uy\/index.php\/wp-json\/wp\/v2\/posts\/10333","targetHints":{"allow":["GET"]}}],"collection":[{"href":"https:\/\/portaldeyoung.uy\/index.php\/wp-json\/wp\/v2\/posts"}],"about":[{"href":"https:\/\/portaldeyoung.uy\/index.php\/wp-json\/wp\/v2\/types\/post"}],"author":[{"embeddable":true,"href":"https:\/\/portaldeyoung.uy\/index.php\/wp-json\/wp\/v2\/users\/1"}],"replies":[{"embeddable":true,"href":"https:\/\/portaldeyoung.uy\/index.php\/wp-json\/wp\/v2\/comments?post=10333"}],"version-history":[{"count":1,"href":"https:\/\/portaldeyoung.uy\/index.php\/wp-json\/wp\/v2\/posts\/10333\/revisions"}],"predecessor-version":[{"id":10335,"href":"https:\/\/portaldeyoung.uy\/index.php\/wp-json\/wp\/v2\/posts\/10333\/revisions\/10335"}],"wp:featuredmedia":[{"embeddable":true,"href":"https:\/\/portaldeyoung.uy\/index.php\/wp-json\/wp\/v2\/media\/10334"}],"wp:attachment":[{"href":"https:\/\/portaldeyoung.uy\/index.php\/wp-json\/wp\/v2\/media?parent=10333"}],"wp:term":[{"taxonomy":"category","embeddable":true,"href":"https:\/\/portaldeyoung.uy\/index.php\/wp-json\/wp\/v2\/categories?post=10333"},{"taxonomy":"post_tag","embeddable":true,"href":"https:\/\/portaldeyoung.uy\/index.php\/wp-json\/wp\/v2\/tags?post=10333"}],"curies":[{"name":"wp","href":"https:\/\/api.w.org\/{rel}","templated":true}]}}