{"id":10327,"date":"2026-04-27T08:09:27","date_gmt":"2026-04-27T11:09:27","guid":{"rendered":"https:\/\/portaldeyoung.uy\/?p=10327"},"modified":"2026-04-27T08:09:29","modified_gmt":"2026-04-27T11:09:29","slug":"condenan-a-delincuentes-que-robaron-escultura-en-el-prado-uno-dijo-que-la-vendieron-a-30-000","status":"publish","type":"post","link":"https:\/\/portaldeyoung.uy\/index.php\/2026\/04\/27\/condenan-a-delincuentes-que-robaron-escultura-en-el-prado-uno-dijo-que-la-vendieron-a-30-000\/","title":{"rendered":"Condenan a delincuentes que robaron escultura en el Prado: uno dijo que la vendieron a $30.000"},"content":{"rendered":"\n<p>Los delincuentes, de 36 y 37 a\u00f1os, fueron condenados con 12 meses de libertad a prueba. Mir\u00e1 c\u00f3mo fue el operativo para dar con los responsables.<\/p>\n\n\n\n<p id=\"p-1777212074826-63367\">Dos delincuentes fueron condenados por el robo de la escultura \u201cEl Pe\u00f3n de Estancia\u201d, ocurrido en la noche del mi\u00e9rcoles en Lucas Obes y Buschental, en el Prado.<\/p>\n\n\n\n<p id=\"p-1777212074826-68202\">La pieza, una estatua de bronce de grandes dimensiones realizada en 1932 por Federico Escalada, estaba en restauraci\u00f3n y fue retirada del lugar por tres delincuentes que la cargaron en una camioneta, seg\u00fan registraron c\u00e1maras de la zona. Tras el robo, solo quedaron los pies de la figura sobre la base y hasta este domingo no ha sido encontrada, dijeron fuentes de la Polic\u00eda a <em>Subrayado<\/em>.<\/p>\n\n\n\n<p id=\"p-1777212074826-95327\">A partir del an\u00e1lisis de c\u00e1maras, la Polic\u00eda identific\u00f3 al conductor del veh\u00edculo, un hombre de 47 a\u00f1os con antecedentes, que fue detenido. En su declaraci\u00f3n, admiti\u00f3 su participaci\u00f3n y dijo que actu\u00f3 junto a un hombre de 36 a\u00f1os, tambi\u00e9n con antecedentes, y una tercera persona.<\/p>\n\n\n\n<p>Seg\u00fan relat\u00f3, trasladaron la escultura hasta la calle Alaska y Carlos Tellier, donde la vendieron a un hombre por 30.000 pesos. La camioneta utilizada fue incautada durante la investigaci\u00f3n.<\/p>\n\n\n\n<p id=\"p-1777212074826-81533\">Adem\u00e1s, <em>Subrayado<\/em> inform\u00f3 que el viernes de tarde la Polic\u00eda realiz\u00f3 un allanamiento en el barrio Tres Omb\u00faes, donde detuvo a otras dos personas para determinar su posible v\u00ednculo con el caso. En ese operativo incautaron una amoladora.<\/p>\n\n\n\n<p id=\"p-1777212074826-38568\">Finalmente la Justicia conden\u00f3 a dos hombres de 36 y 47 a\u00f1os como autores de un delito de hurto agravado. La pena fue de 12 meses de prisi\u00f3n, que se sustituye por libertad a prueba, inform\u00f3 la Polic\u00eda.<\/p>\n\n\n\n<p id=\"p-1777212217045-1688\">El \u00faltimo robo similar hab\u00eda sido en julio de 2025, cuando delincuentes robaron un brazo de la estatua de bronce de Albert Einstein ubicada en la Plaza de los Treinta y Tres, en Cord\u00f3n.<\/p>\n","protected":false},"excerpt":{"rendered":"<p>Los delincuentes, de 36 y 37 a\u00f1os, fueron condenados con 12 meses de libertad a prueba. Mir\u00e1 c\u00f3mo fue el operativo para dar con los<\/p>\n","protected":false},"author":1,"featured_media":10328,"comment_status":"closed","ping_status":"open","sticky":false,"template":"","format":"standard","meta":{"advgb_blocks_editor_width":"","advgb_blocks_columns_visual_guide":"","footnotes":"","jetpack_publicize_message":"Los delincuentes, de 36 y 37 a\u00f1os, fueron condenados con 12 meses de libertad a prueba. Mir\u00e1 c\u00f3mo fue el operativo para dar con los responsables...Lee la nota completa \ud83d\udc47","jetpack_publicize_feature_enabled":true,"jetpack_social_post_already_shared":false,"jetpack_social_options":{"image_generator_settings":{"template":"highway","default_image_id":0,"font":"","enabled":false},"version":2}},"categories":[7],"tags":[],"class_list":["post-10327","post","type-post","status-publish","format-standard","has-post-thumbnail","hentry","category-del-pais"],"author_meta":{"display_name":"Portal","author_link":"https:\/\/portaldeyoung.uy\/index.php\/author\/admin_port\/"},"featured_img":"https:\/\/portaldeyoung.uy\/wp-content\/uploads\/2026\/04\/estatua-peon-rural-300x187.png","jetpack_publicize_connections":[],"coauthors":[],"tax_additional":{"categories":{"linked":["<a href=\"https:\/\/portaldeyoung.uy\/index.php\/category\/del-pais\/\" class=\"advgb-post-tax-term\">Del pa\u00eds<\/a>"],"unlinked":["<span class=\"advgb-post-tax-term\">Del pa\u00eds<\/span>"]}},"comment_count":"0","relative_dates":{"created":"Publicado 1 d\u00eda hace","modified":"Actualizado 1 d\u00eda hace"},"absolute_dates":{"created":"Publicado el abril 27, 2026","modified":"Actualizado el abril 27, 2026"},"absolute_dates_time":{"created":"Publicado el abril 27, 2026 8:09 am","modified":"Actualizado el abril 27, 2026 8:09 am"},"featured_img_caption":"","series_order":"","_links":{"self":[{"href":"https:\/\/portaldeyoung.uy\/index.php\/wp-json\/wp\/v2\/posts\/10327","targetHints":{"allow":["GET"]}}],"collection":[{"href":"https:\/\/portaldeyoung.uy\/index.php\/wp-json\/wp\/v2\/posts"}],"about":[{"href":"https:\/\/portaldeyoung.uy\/index.php\/wp-json\/wp\/v2\/types\/post"}],"author":[{"embeddable":true,"href":"https:\/\/portaldeyoung.uy\/index.php\/wp-json\/wp\/v2\/users\/1"}],"replies":[{"embeddable":true,"href":"https:\/\/portaldeyoung.uy\/index.php\/wp-json\/wp\/v2\/comments?post=10327"}],"version-history":[{"count":1,"href":"https:\/\/portaldeyoung.uy\/index.php\/wp-json\/wp\/v2\/posts\/10327\/revisions"}],"predecessor-version":[{"id":10329,"href":"https:\/\/portaldeyoung.uy\/index.php\/wp-json\/wp\/v2\/posts\/10327\/revisions\/10329"}],"wp:featuredmedia":[{"embeddable":true,"href":"https:\/\/portaldeyoung.uy\/index.php\/wp-json\/wp\/v2\/media\/10328"}],"wp:attachment":[{"href":"https:\/\/portaldeyoung.uy\/index.php\/wp-json\/wp\/v2\/media?parent=10327"}],"wp:term":[{"taxonomy":"category","embeddable":true,"href":"https:\/\/portaldeyoung.uy\/index.php\/wp-json\/wp\/v2\/categories?post=10327"},{"taxonomy":"post_tag","embeddable":true,"href":"https:\/\/portaldeyoung.uy\/index.php\/wp-json\/wp\/v2\/tags?post=10327"}],"curies":[{"name":"wp","href":"https:\/\/api.w.org\/{rel}","templated":true}]}}