{"id":10319,"date":"2026-04-27T07:57:37","date_gmt":"2026-04-27T10:57:37","guid":{"rendered":"https:\/\/portaldeyoung.uy\/?p=10319"},"modified":"2026-04-27T07:57:40","modified_gmt":"2026-04-27T10:57:40","slug":"meta-y-microsoft-anuncian-recorte-de-20-000-puestos-la-preocupante-senal-que-hay-detras","status":"publish","type":"post","link":"https:\/\/portaldeyoung.uy\/index.php\/2026\/04\/27\/meta-y-microsoft-anuncian-recorte-de-20-000-puestos-la-preocupante-senal-que-hay-detras\/","title":{"rendered":"Meta y Microsoft anuncian recorte de 20.000 puestos: la preocupante se\u00f1al que hay detr\u00e1s"},"content":{"rendered":"\n<p>\u00abEsto representa un cambio estructural fundamental m\u00e1s que una correcci\u00f3n temporal del mercado\u00bb, afirma un experto.<\/p>\n\n\n\n<p>El posible recorte de m\u00e1s de 20.000 puestos de trabajo anunciado por Meta* y Microsoft podr\u00eda ser <strong>solo el comienzo<\/strong>\u00a0<strong>de una ola mayor<\/strong> de despidos en el \u00e1rea tecnol\u00f3gica, en un contexto marcado por la <strong>expansi\u00f3n acelerada<\/strong> de la inteligencia artificial.<\/p>\n\n\n\n<p>Seg\u00fan datos del sector, <strong>m\u00e1s de 92.000 trabajadores<\/strong> tecnol\u00f3gicos\u00a0de Estados Unidos han sido despedidos en lo que va de 2026, elevando el total a <strong>cerca de 900.000 desde 2020<\/strong>, en medio de crecientes preocupaciones por una posible crisis laboral impulsada por la automatizaci\u00f3n.<\/p>\n\n\n\n<p>\u00abEsto representa un <strong>cambio estructural fundamental<\/strong> m\u00e1s que una correcci\u00f3n temporal del mercado\u00bb, afirm\u00f3 a CNBC Anthony Tuggle, experto en liderazgo, al advertir de una transformaci\u00f3n permanente en la organizaci\u00f3n del trabajo.<\/p>\n\n\n\n<p>Las mismas compa\u00f1\u00edas que invierten cientos de miles de millones de d\u00f3lares en infraestructura de IA buscan ahora <strong>eficiencia<\/strong> mediante la reducci\u00f3n de personal, al tiempo que ajustan sus plantillas tras el <strong>exceso de contrataci\u00f3n<\/strong>\u00a0impulsado por la pandemia, seg\u00fan asevera\u00a0el medio citando sus fuentes.<\/p>\n\n\n\n<h3 class=\"wp-block-heading\">Optimistas del sector<\/h3>\n\n\n\n<p>El impacto se ha intensificado desde el auge de herramientas de IA como ChatGPT, lanzada por OpenAI, y sistemas m\u00e1s avanzados como Claude, que han <strong>ampliado las capacidades de automatizaci\u00f3n<\/strong> en m\u00faltiples \u00e1reas laborales.<\/p>\n\n\n\n<p>Aunque algunos expertos sostienen que la IA transformar\u00e1 el empleo <strong>en lugar de eliminarlo<\/strong>, otros alertan por la creciente brecha entre la <strong>destrucci\u00f3n<\/strong> de puestos y la <strong>creaci\u00f3n<\/strong> de nuevos roles, especialmente en niveles iniciales.<\/p>\n\n\n\n<p>En este contexto, el empresario Elon Musk plante\u00f3 que el Gobierno de Estados Unidos <strong>deber\u00eda otorgar ingresos a la poblaci\u00f3n<\/strong> para compensar el desempleo derivado de la IA, proponiendo un esquema de \u00abingresos elevados universales\u00bb.<\/p>\n\n\n\n<h3 class=\"wp-block-heading\">Sustituci\u00f3n o aumento en productividad<\/h3>\n\n\n\n<p>El temor a ser reemplazados tambi\u00e9n est\u00e1 influyendo en el comportamiento de los trabajadores. Un estudio citado por Fortune indica que el 29 % de los empleados ha <strong>obstaculizado<\/strong>\u00a0<strong>iniciativas de IA<\/strong> en su empresa, cifra que asciende al 44 % entre la generaci\u00f3n Z.<\/p>\n\n\n\n<p>Analistas se\u00f1alan que la tecnolog\u00eda <strong>se manifiesta actualmente de dos formas<\/strong> en el \u00e1mbito laboral: sustituyendo directamente a los empleados o aumentando su productividad, lo que <strong>redefine el equilibrio<\/strong> del mercado de trabajo.<\/p>\n\n\n\n<p>No obstante, los investigadores&nbsp;apuntan que la situaci\u00f3n real <strong>podr\u00eda diferir de sus c\u00e1lculos<\/strong>. Tambi\u00e9n subrayan que la generaci\u00f3n Z es m\u00e1s fluida a la hora de utilizar la IA. El problema radica en que el proceso de integraci\u00f3n de la IA es <strong>demasiado r\u00e1pido,<\/strong> mientras que la creaci\u00f3n de nuevas oportunidades se est\u00e1 quedando atr\u00e1s.<\/p>\n\n\n\n<p><em>*RT<\/em><\/p>\n\n\n\n<p><\/p>\n","protected":false},"excerpt":{"rendered":"<p>\u00abEsto representa un cambio estructural fundamental m\u00e1s que una correcci\u00f3n temporal del mercado\u00bb, afirma un experto. El posible recorte de m\u00e1s de 20.000 puestos de<\/p>\n","protected":false},"author":1,"featured_media":10320,"comment_status":"closed","ping_status":"open","sticky":false,"template":"","format":"standard","meta":{"advgb_blocks_editor_width":"","advgb_blocks_columns_visual_guide":"","footnotes":"","jetpack_publicize_message":"","jetpack_publicize_feature_enabled":true,"jetpack_social_post_already_shared":true,"jetpack_social_options":{"image_generator_settings":{"template":"highway","default_image_id":0,"font":"","enabled":false},"version":2}},"categories":[8],"tags":[],"class_list":["post-10319","post","type-post","status-publish","format-standard","has-post-thumbnail","hentry","category-salud-y-tecnologia"],"author_meta":{"display_name":"Portal","author_link":"https:\/\/portaldeyoung.uy\/index.php\/author\/admin_port\/"},"featured_img":"https:\/\/portaldeyoung.uy\/wp-content\/uploads\/2026\/04\/meta-informatico-300x169.png","jetpack_publicize_connections":[],"coauthors":[],"tax_additional":{"categories":{"linked":["<a href=\"https:\/\/portaldeyoung.uy\/index.php\/category\/salud-y-tecnologia\/\" class=\"advgb-post-tax-term\">Salud y tecnolog\u00eda<\/a>"],"unlinked":["<span class=\"advgb-post-tax-term\">Salud y tecnolog\u00eda<\/span>"]}},"comment_count":"0","relative_dates":{"created":"Publicado 1 d\u00eda hace","modified":"Actualizado 1 d\u00eda hace"},"absolute_dates":{"created":"Publicado el abril 27, 2026","modified":"Actualizado el abril 27, 2026"},"absolute_dates_time":{"created":"Publicado el abril 27, 2026 7:57 am","modified":"Actualizado el abril 27, 2026 7:57 am"},"featured_img_caption":"","series_order":"","_links":{"self":[{"href":"https:\/\/portaldeyoung.uy\/index.php\/wp-json\/wp\/v2\/posts\/10319","targetHints":{"allow":["GET"]}}],"collection":[{"href":"https:\/\/portaldeyoung.uy\/index.php\/wp-json\/wp\/v2\/posts"}],"about":[{"href":"https:\/\/portaldeyoung.uy\/index.php\/wp-json\/wp\/v2\/types\/post"}],"author":[{"embeddable":true,"href":"https:\/\/portaldeyoung.uy\/index.php\/wp-json\/wp\/v2\/users\/1"}],"replies":[{"embeddable":true,"href":"https:\/\/portaldeyoung.uy\/index.php\/wp-json\/wp\/v2\/comments?post=10319"}],"version-history":[{"count":1,"href":"https:\/\/portaldeyoung.uy\/index.php\/wp-json\/wp\/v2\/posts\/10319\/revisions"}],"predecessor-version":[{"id":10321,"href":"https:\/\/portaldeyoung.uy\/index.php\/wp-json\/wp\/v2\/posts\/10319\/revisions\/10321"}],"wp:featuredmedia":[{"embeddable":true,"href":"https:\/\/portaldeyoung.uy\/index.php\/wp-json\/wp\/v2\/media\/10320"}],"wp:attachment":[{"href":"https:\/\/portaldeyoung.uy\/index.php\/wp-json\/wp\/v2\/media?parent=10319"}],"wp:term":[{"taxonomy":"category","embeddable":true,"href":"https:\/\/portaldeyoung.uy\/index.php\/wp-json\/wp\/v2\/categories?post=10319"},{"taxonomy":"post_tag","embeddable":true,"href":"https:\/\/portaldeyoung.uy\/index.php\/wp-json\/wp\/v2\/tags?post=10319"}],"curies":[{"name":"wp","href":"https:\/\/api.w.org\/{rel}","templated":true}]}}